{"id":1194653,"date":"2026-04-28T15:27:38","date_gmt":"2026-04-28T15:27:38","guid":{"rendered":"https:\/\/madeiraisland.news\/?p=1194653"},"modified":"2026-04-28T15:29:44","modified_gmt":"2026-04-28T15:29:44","slug":"casos-de-violencia-contra-profissionais-do-sns-sobem-para-3-429-em-2025","status":"publish","type":"post","link":"https:\/\/madeiraisland.news\/?p=1194653","title":{"rendered":"Casos de viol\u00eancia contra profissionais do SNS sobem para 3.429 em 2025"},"content":{"rendered":"<p>Mais de 3.000 epis\u00f3dios de viol\u00eancia contra profissionais do SNS foram registados no ano passado, uma subida de 848 casos relativamente 2024, destacando-se a agress\u00e3o psicol\u00f3gica, que representa mais metade das situa\u00e7\u00f5es, segundo dados hoje divulgados.<br \/>\nNo ano passado foram contabilizados 3.429 epis\u00f3dios de viol\u00eancia contra profissionais do Servi\u00e7o Nacional de Sa\u00fade (SNS), mais 848 do que em 2024 (2.581), segundo dados da Dire\u00e7\u00e3o-Geral de Sa\u00fade (DGS).<br \/>\nNo ano passado, os atos de viol\u00eancia psicol<\/p>\n","protected":false},"excerpt":{"rendered":"<p>Mais de 3.000 epis\u00f3dios de viol\u00eancia contra profissionais do SNS foram registados no ano passado, uma subida de 848 casos relativamente 2024, destacando-se a agress\u00e3o psicol\u00f3gica, que representa mais metade das situa\u00e7\u00f5es, segundo dados hoje<\/p>\n","protected":false},"author":5,"featured_media":0,"comment_status":"open","ping_status":"","sticky":false,"template":"","format":"standard","meta":{"footnotes":""},"categories":[19],"tags":[],"class_list":["post-1194653","post","type-post","status-publish","format-standard","hentry","category-madeira-island-news","infinite-scroll-item","masonry-post","generate-columns","tablet-grid-50","mobile-grid-100","grid-parent","grid-33"],"_links":{"self":[{"href":"https:\/\/madeiraisland.news\/index.php?rest_route=\/wp\/v2\/posts\/1194653","targetHints":{"allow":["GET"]}}],"collection":[{"href":"https:\/\/madeiraisland.news\/index.php?rest_route=\/wp\/v2\/posts"}],"about":[{"href":"https:\/\/madeiraisland.news\/index.php?rest_route=\/wp\/v2\/types\/post"}],"author":[{"embeddable":true,"href":"https:\/\/madeiraisland.news\/index.php?rest_route=\/wp\/v2\/users\/5"}],"replies":[{"embeddable":true,"href":"https:\/\/madeiraisland.news\/index.php?rest_route=%2Fwp%2Fv2%2Fcomments&post=1194653"}],"version-history":[{"count":2,"href":"https:\/\/madeiraisland.news\/index.php?rest_route=\/wp\/v2\/posts\/1194653\/revisions"}],"predecessor-version":[{"id":1194655,"href":"https:\/\/madeiraisland.news\/index.php?rest_route=\/wp\/v2\/posts\/1194653\/revisions\/1194655"}],"wp:attachment":[{"href":"https:\/\/madeiraisland.news\/index.php?rest_route=%2Fwp%2Fv2%2Fmedia&parent=1194653"}],"wp:term":[{"taxonomy":"category","embeddable":true,"href":"https:\/\/madeiraisland.news\/index.php?rest_route=%2Fwp%2Fv2%2Fcategories&post=1194653"},{"taxonomy":"post_tag","embeddable":true,"href":"https:\/\/madeiraisland.news\/index.php?rest_route=%2Fwp%2Fv2%2Ftags&post=1194653"}],"curies":[{"name":"wp","href":"https:\/\/api.w.org\/{rel}","templated":true}]}}