{"id":1194651,"date":"2026-04-28T15:24:42","date_gmt":"2026-04-28T15:24:42","guid":{"rendered":"https:\/\/madeiraisland.news\/?p=1194651"},"modified":"2026-04-28T15:29:43","modified_gmt":"2026-04-28T15:29:43","slug":"associacao-do-caminho-real-realiza-formacao-sobre-seguranca","status":"publish","type":"post","link":"https:\/\/madeiraisland.news\/?p=1194651","title":{"rendered":"Associa\u00e7\u00e3o do Caminho Real realiza forma\u00e7\u00e3o sobre seguran\u00e7a"},"content":{"rendered":"<p>A Associa\u00e7\u00e3o do Caminho Real da Madeira promove no pr\u00f3ximo dia 2 de Maio de 2026, s\u00e1bado, entre as 09h00 e as 13h00, no audit\u00f3rio do Centro de Recep\u00e7\u00e3o e Educa\u00e7\u00e3o Ambiental da Ribeira das Cales, no Parque Ecol\u00f3gico do Funchal, a ac\u00e7\u00e3o de forma\u00e7\u00e3o \u201cSeguran\u00e7a e Primeiros Socorros em Percursos Pedestres\u201d. Trata-se de uma [\u2026]<\/p>\n","protected":false},"excerpt":{"rendered":"<p>A Associa\u00e7\u00e3o do Caminho Real da Madeira promove no pr\u00f3ximo dia 2 de Maio de 2026, s\u00e1bado, entre as 09h00 &#8230; <\/p>\n<p class=\"read-more-container\"><a title=\"Associa\u00e7\u00e3o do Caminho Real realiza forma\u00e7\u00e3o sobre seguran\u00e7a\" class=\"read-more button\" href=\"https:\/\/madeiraisland.news\/?p=1194651#more-1194651\" aria-label=\"Read more about Associa\u00e7\u00e3o do Caminho Real realiza forma\u00e7\u00e3o sobre seguran\u00e7a\">Read more<\/a><\/p>\n","protected":false},"author":258,"featured_media":0,"comment_status":"open","ping_status":"","sticky":false,"template":"","format":"standard","meta":{"footnotes":""},"categories":[19],"tags":[],"class_list":["post-1194651","post","type-post","status-publish","format-standard","hentry","category-madeira-island-news","infinite-scroll-item","masonry-post","generate-columns","tablet-grid-50","mobile-grid-100","grid-parent","grid-33"],"_links":{"self":[{"href":"https:\/\/madeiraisland.news\/index.php?rest_route=\/wp\/v2\/posts\/1194651","targetHints":{"allow":["GET"]}}],"collection":[{"href":"https:\/\/madeiraisland.news\/index.php?rest_route=\/wp\/v2\/posts"}],"about":[{"href":"https:\/\/madeiraisland.news\/index.php?rest_route=\/wp\/v2\/types\/post"}],"author":[{"embeddable":true,"href":"https:\/\/madeiraisland.news\/index.php?rest_route=\/wp\/v2\/users\/258"}],"replies":[{"embeddable":true,"href":"https:\/\/madeiraisland.news\/index.php?rest_route=%2Fwp%2Fv2%2Fcomments&post=1194651"}],"version-history":[{"count":1,"href":"https:\/\/madeiraisland.news\/index.php?rest_route=\/wp\/v2\/posts\/1194651\/revisions"}],"predecessor-version":[{"id":1194652,"href":"https:\/\/madeiraisland.news\/index.php?rest_route=\/wp\/v2\/posts\/1194651\/revisions\/1194652"}],"wp:attachment":[{"href":"https:\/\/madeiraisland.news\/index.php?rest_route=%2Fwp%2Fv2%2Fmedia&parent=1194651"}],"wp:term":[{"taxonomy":"category","embeddable":true,"href":"https:\/\/madeiraisland.news\/index.php?rest_route=%2Fwp%2Fv2%2Fcategories&post=1194651"},{"taxonomy":"post_tag","embeddable":true,"href":"https:\/\/madeiraisland.news\/index.php?rest_route=%2Fwp%2Fv2%2Ftags&post=1194651"}],"curies":[{"name":"wp","href":"https:\/\/api.w.org\/{rel}","templated":true}]}}