{"id":1194649,"date":"2026-04-28T15:28:32","date_gmt":"2026-04-28T15:28:32","guid":{"rendered":"https:\/\/madeiraisland.news\/?p=1194649"},"modified":"2026-04-28T15:29:43","modified_gmt":"2026-04-28T15:29:43","slug":"funchal-sempre-melhor-foi-a-sao-martinho","status":"publish","type":"post","link":"https:\/\/madeiraisland.news\/?p=1194649","title":{"rendered":"\u201cFunchal Sempre Melhor\u201d foi a S\u00e3o Martinho"},"content":{"rendered":"<p>O Grupo Municipal \u201cFunchal Sempre Melhor\u201d visitaram ontem a obra de alargamento da Travessa do Pico da Igreja em S\u00e3o Martinho. Em v\u00e9speras da realiza\u00e7\u00e3o de uma assembleia municipal naquela freguesia, foi pela voz da deputada municipal Vera Duarte que os membros do PSD\/CDS enalteceram \u201cuma interven\u00e7\u00e3o h\u00e1 muito solicitada pela popula\u00e7\u00e3o\u201d. \u201cA obra em [\u2026]<\/p>\n","protected":false},"excerpt":{"rendered":"<p>O Grupo Municipal \u201cFunchal Sempre Melhor\u201d visitaram ontem a obra de alargamento da Travessa do Pico da Igreja em S\u00e3o &#8230; <\/p>\n<p class=\"read-more-container\"><a title=\"\u201cFunchal Sempre Melhor\u201d foi a S\u00e3o Martinho\" class=\"read-more button\" href=\"https:\/\/madeiraisland.news\/?p=1194649#more-1194649\" aria-label=\"Read more about \u201cFunchal Sempre Melhor\u201d foi a S\u00e3o Martinho\">Read more<\/a><\/p>\n","protected":false},"author":258,"featured_media":0,"comment_status":"open","ping_status":"","sticky":false,"template":"","format":"standard","meta":{"footnotes":""},"categories":[19],"tags":[],"class_list":["post-1194649","post","type-post","status-publish","format-standard","hentry","category-madeira-island-news","infinite-scroll-item","masonry-post","generate-columns","tablet-grid-50","mobile-grid-100","grid-parent","grid-33"],"_links":{"self":[{"href":"https:\/\/madeiraisland.news\/index.php?rest_route=\/wp\/v2\/posts\/1194649","targetHints":{"allow":["GET"]}}],"collection":[{"href":"https:\/\/madeiraisland.news\/index.php?rest_route=\/wp\/v2\/posts"}],"about":[{"href":"https:\/\/madeiraisland.news\/index.php?rest_route=\/wp\/v2\/types\/post"}],"author":[{"embeddable":true,"href":"https:\/\/madeiraisland.news\/index.php?rest_route=\/wp\/v2\/users\/258"}],"replies":[{"embeddable":true,"href":"https:\/\/madeiraisland.news\/index.php?rest_route=%2Fwp%2Fv2%2Fcomments&post=1194649"}],"version-history":[{"count":1,"href":"https:\/\/madeiraisland.news\/index.php?rest_route=\/wp\/v2\/posts\/1194649\/revisions"}],"predecessor-version":[{"id":1194650,"href":"https:\/\/madeiraisland.news\/index.php?rest_route=\/wp\/v2\/posts\/1194649\/revisions\/1194650"}],"wp:attachment":[{"href":"https:\/\/madeiraisland.news\/index.php?rest_route=%2Fwp%2Fv2%2Fmedia&parent=1194649"}],"wp:term":[{"taxonomy":"category","embeddable":true,"href":"https:\/\/madeiraisland.news\/index.php?rest_route=%2Fwp%2Fv2%2Fcategories&post=1194649"},{"taxonomy":"post_tag","embeddable":true,"href":"https:\/\/madeiraisland.news\/index.php?rest_route=%2Fwp%2Fv2%2Ftags&post=1194649"}],"curies":[{"name":"wp","href":"https:\/\/api.w.org\/{rel}","templated":true}]}}