{"id":1194647,"date":"2026-04-28T14:49:04","date_gmt":"2026-04-28T14:49:04","guid":{"rendered":"https:\/\/madeiraisland.news\/?p=1194647"},"modified":"2026-04-28T15:11:51","modified_gmt":"2026-04-28T15:11:51","slug":"marinha-resgatou-quatro-tripulantes-de-embarcacao-a-deriva-ao-largo-da-madeira","status":"publish","type":"post","link":"https:\/\/madeiraisland.news\/?p=1194647","title":{"rendered":"Marinha resgatou quatro tripulantes de embarca\u00e7\u00e3o \u00e0 deriva ao largo da Madeira"},"content":{"rendered":"<p>Na sequ\u00eancia de um alerta recebido no Subcentro de Coordena\u00e7\u00e3o de Busca e Salvamento Mar\u00edtimo do Funchal (MRSC Funchal) perto das 23h45 de domingo, 26 de abril, a informar que se encontrava uma embarca\u00e7\u00e3o \u00e0 deriva, sem propuls\u00e3o e \u00e1gua pot\u00e1vel, com quatro tripulantes a bordo, foram activados para o local o NRP Zaire e [\u2026]<\/p>\n","protected":false},"excerpt":{"rendered":"<p>Na sequ\u00eancia de um alerta recebido no Subcentro de Coordena\u00e7\u00e3o de Busca e Salvamento Mar\u00edtimo do Funchal (MRSC Funchal) perto &#8230; <\/p>\n<p class=\"read-more-container\"><a title=\"Marinha resgatou quatro tripulantes de embarca\u00e7\u00e3o \u00e0 deriva ao largo da Madeira\" class=\"read-more button\" href=\"https:\/\/madeiraisland.news\/?p=1194647#more-1194647\" aria-label=\"Read more about Marinha resgatou quatro tripulantes de embarca\u00e7\u00e3o \u00e0 deriva ao largo da Madeira\">Read more<\/a><\/p>\n","protected":false},"author":258,"featured_media":0,"comment_status":"open","ping_status":"","sticky":false,"template":"","format":"standard","meta":{"footnotes":""},"categories":[19],"tags":[],"class_list":["post-1194647","post","type-post","status-publish","format-standard","hentry","category-madeira-island-news","infinite-scroll-item","masonry-post","generate-columns","tablet-grid-50","mobile-grid-100","grid-parent","grid-33"],"_links":{"self":[{"href":"https:\/\/madeiraisland.news\/index.php?rest_route=\/wp\/v2\/posts\/1194647","targetHints":{"allow":["GET"]}}],"collection":[{"href":"https:\/\/madeiraisland.news\/index.php?rest_route=\/wp\/v2\/posts"}],"about":[{"href":"https:\/\/madeiraisland.news\/index.php?rest_route=\/wp\/v2\/types\/post"}],"author":[{"embeddable":true,"href":"https:\/\/madeiraisland.news\/index.php?rest_route=\/wp\/v2\/users\/258"}],"replies":[{"embeddable":true,"href":"https:\/\/madeiraisland.news\/index.php?rest_route=%2Fwp%2Fv2%2Fcomments&post=1194647"}],"version-history":[{"count":1,"href":"https:\/\/madeiraisland.news\/index.php?rest_route=\/wp\/v2\/posts\/1194647\/revisions"}],"predecessor-version":[{"id":1194648,"href":"https:\/\/madeiraisland.news\/index.php?rest_route=\/wp\/v2\/posts\/1194647\/revisions\/1194648"}],"wp:attachment":[{"href":"https:\/\/madeiraisland.news\/index.php?rest_route=%2Fwp%2Fv2%2Fmedia&parent=1194647"}],"wp:term":[{"taxonomy":"category","embeddable":true,"href":"https:\/\/madeiraisland.news\/index.php?rest_route=%2Fwp%2Fv2%2Fcategories&post=1194647"},{"taxonomy":"post_tag","embeddable":true,"href":"https:\/\/madeiraisland.news\/index.php?rest_route=%2Fwp%2Fv2%2Ftags&post=1194647"}],"curies":[{"name":"wp","href":"https:\/\/api.w.org\/{rel}","templated":true}]}}