{"id":1194643,"date":"2026-04-28T15:02:43","date_gmt":"2026-04-28T15:02:43","guid":{"rendered":"https:\/\/madeiraisland.news\/?p=1194643"},"modified":"2026-04-28T15:11:51","modified_gmt":"2026-04-28T15:11:51","slug":"estepilha-corte-de-cabelo-radical-na-palmeira-do-calhau-mas-a-barba-ficou-por-fazer","status":"publish","type":"post","link":"https:\/\/madeiraisland.news\/?p=1194643","title":{"rendered":"Estepilha: corte de \u201ccabelo\u201d radical na palmeira do calhau, mas a \u201cbarba\u201d ficou por fazer\u2026"},"content":{"rendered":"<p>Rui Marote Estepilha, alert\u00e1mos oportunamente, a APRAM entrou em ac\u00e7\u00e3o, e o Funchal Not\u00edcias aplaudiu a limpeza da vegeta\u00e7\u00e3o situada no calhau em frente ao telef\u00e9rico. Verific\u00e1mos que a poda foi intensa nesta \u00e1rvore que pertence \u00e0 fam\u00edlia bot\u00e2nica das Arecaceae (anteriormente conhecida como Palmae). Mas como o Estepilha n\u00e3o dorme e faz ironia com [\u2026]<\/p>\n","protected":false},"excerpt":{"rendered":"<p>Rui Marote Estepilha, alert\u00e1mos oportunamente, a APRAM entrou em ac\u00e7\u00e3o, e o Funchal Not\u00edcias aplaudiu a limpeza da vegeta\u00e7\u00e3o situada &#8230; <\/p>\n<p class=\"read-more-container\"><a title=\"Estepilha: corte de \u201ccabelo\u201d radical na palmeira do calhau, mas a \u201cbarba\u201d ficou por fazer\u2026\" class=\"read-more button\" href=\"https:\/\/madeiraisland.news\/?p=1194643#more-1194643\" aria-label=\"Read more about Estepilha: corte de \u201ccabelo\u201d radical na palmeira do calhau, mas a \u201cbarba\u201d ficou por fazer\u2026\">Read more<\/a><\/p>\n","protected":false},"author":260,"featured_media":0,"comment_status":"open","ping_status":"","sticky":false,"template":"","format":"standard","meta":{"footnotes":""},"categories":[19],"tags":[],"class_list":["post-1194643","post","type-post","status-publish","format-standard","hentry","category-madeira-island-news","infinite-scroll-item","masonry-post","generate-columns","tablet-grid-50","mobile-grid-100","grid-parent","grid-33"],"_links":{"self":[{"href":"https:\/\/madeiraisland.news\/index.php?rest_route=\/wp\/v2\/posts\/1194643","targetHints":{"allow":["GET"]}}],"collection":[{"href":"https:\/\/madeiraisland.news\/index.php?rest_route=\/wp\/v2\/posts"}],"about":[{"href":"https:\/\/madeiraisland.news\/index.php?rest_route=\/wp\/v2\/types\/post"}],"author":[{"embeddable":true,"href":"https:\/\/madeiraisland.news\/index.php?rest_route=\/wp\/v2\/users\/260"}],"replies":[{"embeddable":true,"href":"https:\/\/madeiraisland.news\/index.php?rest_route=%2Fwp%2Fv2%2Fcomments&post=1194643"}],"version-history":[{"count":1,"href":"https:\/\/madeiraisland.news\/index.php?rest_route=\/wp\/v2\/posts\/1194643\/revisions"}],"predecessor-version":[{"id":1194644,"href":"https:\/\/madeiraisland.news\/index.php?rest_route=\/wp\/v2\/posts\/1194643\/revisions\/1194644"}],"wp:attachment":[{"href":"https:\/\/madeiraisland.news\/index.php?rest_route=%2Fwp%2Fv2%2Fmedia&parent=1194643"}],"wp:term":[{"taxonomy":"category","embeddable":true,"href":"https:\/\/madeiraisland.news\/index.php?rest_route=%2Fwp%2Fv2%2Fcategories&post=1194643"},{"taxonomy":"post_tag","embeddable":true,"href":"https:\/\/madeiraisland.news\/index.php?rest_route=%2Fwp%2Fv2%2Ftags&post=1194643"}],"curies":[{"name":"wp","href":"https:\/\/api.w.org\/{rel}","templated":true}]}}