{"id":1194641,"date":"2026-04-28T15:03:27","date_gmt":"2026-04-28T15:03:27","guid":{"rendered":"https:\/\/madeiraisland.news\/?p=1194641"},"modified":"2026-04-28T15:11:51","modified_gmt":"2026-04-28T15:11:51","slug":"porto-moniz-recebeu-xxvi-grande-capitulo-da-confraria-enogastronomica-da-madeira","status":"publish","type":"post","link":"https:\/\/madeiraisland.news\/?p=1194641","title":{"rendered":"Porto Moniz recebeu \u201cXXVI Grande Cap\u00edtulo\u201d da Confraria Enogastron\u00f3mica da Madeira"},"content":{"rendered":"<p>O executivo da C\u00e2mara Municipal de Porto Moniz recebeu ontem, no concelho, cerca de uma centena de confrades por ocasi\u00e3o do \u201cXXVI Grande Cap\u00edtulo\u201d da Confraria Enogastron\u00f3mica da Madeira, que se realiza, na Regi\u00e3o, de 25 e 27 de abril. O momento decorreu junto ao Aqu\u00e1rio da Madeira onde o Presidente da Confraria Enogastron\u00f3mica, Lino [\u2026]<\/p>\n","protected":false},"excerpt":{"rendered":"<p>O executivo da C\u00e2mara Municipal de Porto Moniz recebeu ontem, no concelho, cerca de uma centena de confrades por ocasi\u00e3o &#8230; <\/p>\n<p class=\"read-more-container\"><a title=\"Porto Moniz recebeu \u201cXXVI Grande Cap\u00edtulo\u201d da Confraria Enogastron\u00f3mica da Madeira\" class=\"read-more button\" href=\"https:\/\/madeiraisland.news\/?p=1194641#more-1194641\" aria-label=\"Read more about Porto Moniz recebeu \u201cXXVI Grande Cap\u00edtulo\u201d da Confraria Enogastron\u00f3mica da Madeira\">Read more<\/a><\/p>\n","protected":false},"author":259,"featured_media":0,"comment_status":"open","ping_status":"","sticky":false,"template":"","format":"standard","meta":{"footnotes":""},"categories":[19],"tags":[],"class_list":["post-1194641","post","type-post","status-publish","format-standard","hentry","category-madeira-island-news","infinite-scroll-item","masonry-post","generate-columns","tablet-grid-50","mobile-grid-100","grid-parent","grid-33"],"_links":{"self":[{"href":"https:\/\/madeiraisland.news\/index.php?rest_route=\/wp\/v2\/posts\/1194641","targetHints":{"allow":["GET"]}}],"collection":[{"href":"https:\/\/madeiraisland.news\/index.php?rest_route=\/wp\/v2\/posts"}],"about":[{"href":"https:\/\/madeiraisland.news\/index.php?rest_route=\/wp\/v2\/types\/post"}],"author":[{"embeddable":true,"href":"https:\/\/madeiraisland.news\/index.php?rest_route=\/wp\/v2\/users\/259"}],"replies":[{"embeddable":true,"href":"https:\/\/madeiraisland.news\/index.php?rest_route=%2Fwp%2Fv2%2Fcomments&post=1194641"}],"version-history":[{"count":1,"href":"https:\/\/madeiraisland.news\/index.php?rest_route=\/wp\/v2\/posts\/1194641\/revisions"}],"predecessor-version":[{"id":1194642,"href":"https:\/\/madeiraisland.news\/index.php?rest_route=\/wp\/v2\/posts\/1194641\/revisions\/1194642"}],"wp:attachment":[{"href":"https:\/\/madeiraisland.news\/index.php?rest_route=%2Fwp%2Fv2%2Fmedia&parent=1194641"}],"wp:term":[{"taxonomy":"category","embeddable":true,"href":"https:\/\/madeiraisland.news\/index.php?rest_route=%2Fwp%2Fv2%2Fcategories&post=1194641"},{"taxonomy":"post_tag","embeddable":true,"href":"https:\/\/madeiraisland.news\/index.php?rest_route=%2Fwp%2Fv2%2Ftags&post=1194641"}],"curies":[{"name":"wp","href":"https:\/\/api.w.org\/{rel}","templated":true}]}}