{"id":1194639,"date":"2026-04-28T15:06:35","date_gmt":"2026-04-28T15:06:35","guid":{"rendered":"https:\/\/madeiraisland.news\/?p=1194639"},"modified":"2026-04-28T15:11:51","modified_gmt":"2026-04-28T15:11:51","slug":"direcao-regional-das-pescas-sensibiliza-alunos-para-o-setor-do-mar","status":"publish","type":"post","link":"https:\/\/madeiraisland.news\/?p=1194639","title":{"rendered":"Dire\u00e7\u00e3o Regional das Pescas sensibiliza alunos para o setor do mar"},"content":{"rendered":"<p>A Dire\u00e7\u00e3o Regional das Pescas promoveu recentemente um conjunto de sess\u00f5es de sensibiliza\u00e7\u00e3o na Escola B\u00e1sica do 2.\u00ba e 3.\u00ba Ciclo da Torre, dirigidas a cerca de 75 alunos do 9.\u00ba ano de escolaridade. A iniciativa teve como principal objetivo aproximar os jovens do setor das pescas e do mar, dando a conhecer n\u00e3o s\u00f3 [\u2026]<\/p>\n","protected":false},"excerpt":{"rendered":"<p>A Dire\u00e7\u00e3o Regional das Pescas promoveu recentemente um conjunto de sess\u00f5es de sensibiliza\u00e7\u00e3o na Escola B\u00e1sica do 2.\u00ba e 3.\u00ba &#8230; <\/p>\n<p class=\"read-more-container\"><a title=\"Dire\u00e7\u00e3o Regional das Pescas sensibiliza alunos para o setor do mar\" class=\"read-more button\" href=\"https:\/\/madeiraisland.news\/?p=1194639#more-1194639\" aria-label=\"Read more about Dire\u00e7\u00e3o Regional das Pescas sensibiliza alunos para o setor do mar\">Read more<\/a><\/p>\n","protected":false},"author":259,"featured_media":0,"comment_status":"open","ping_status":"","sticky":false,"template":"","format":"standard","meta":{"footnotes":""},"categories":[19],"tags":[],"class_list":["post-1194639","post","type-post","status-publish","format-standard","hentry","category-madeira-island-news","infinite-scroll-item","masonry-post","generate-columns","tablet-grid-50","mobile-grid-100","grid-parent","grid-33"],"_links":{"self":[{"href":"https:\/\/madeiraisland.news\/index.php?rest_route=\/wp\/v2\/posts\/1194639","targetHints":{"allow":["GET"]}}],"collection":[{"href":"https:\/\/madeiraisland.news\/index.php?rest_route=\/wp\/v2\/posts"}],"about":[{"href":"https:\/\/madeiraisland.news\/index.php?rest_route=\/wp\/v2\/types\/post"}],"author":[{"embeddable":true,"href":"https:\/\/madeiraisland.news\/index.php?rest_route=\/wp\/v2\/users\/259"}],"replies":[{"embeddable":true,"href":"https:\/\/madeiraisland.news\/index.php?rest_route=%2Fwp%2Fv2%2Fcomments&post=1194639"}],"version-history":[{"count":1,"href":"https:\/\/madeiraisland.news\/index.php?rest_route=\/wp\/v2\/posts\/1194639\/revisions"}],"predecessor-version":[{"id":1194640,"href":"https:\/\/madeiraisland.news\/index.php?rest_route=\/wp\/v2\/posts\/1194639\/revisions\/1194640"}],"wp:attachment":[{"href":"https:\/\/madeiraisland.news\/index.php?rest_route=%2Fwp%2Fv2%2Fmedia&parent=1194639"}],"wp:term":[{"taxonomy":"category","embeddable":true,"href":"https:\/\/madeiraisland.news\/index.php?rest_route=%2Fwp%2Fv2%2Fcategories&post=1194639"},{"taxonomy":"post_tag","embeddable":true,"href":"https:\/\/madeiraisland.news\/index.php?rest_route=%2Fwp%2Fv2%2Ftags&post=1194639"}],"curies":[{"name":"wp","href":"https:\/\/api.w.org\/{rel}","templated":true}]}}