{"id":1194637,"date":"2026-04-28T14:12:09","date_gmt":"2026-04-28T14:12:09","guid":{"rendered":"https:\/\/madeiraisland.news\/?p=1194637"},"modified":"2026-04-28T14:15:32","modified_gmt":"2026-04-28T14:15:32","slug":"oito-acidentes-na-via-litoral-numa-semana-com-um-ferido-grave","status":"publish","type":"post","link":"https:\/\/madeiraisland.news\/?p=1194637","title":{"rendered":"Oito acidentes na Via Litoral numa semana, com um ferido grave"},"content":{"rendered":"<p>A Vialitoral registou, entre 20 e 26 de Abril, oito acidentes, dos quais resultaram um ferido grave e um ferido ligeiro, al\u00e9m de danos materiais. No mesmo per\u00edodo, foram assistidas 70 viaturas por avaria mec\u00e2nica, identificadas sete paragens indevidas, tr\u00eas pessoas a circular a p\u00e9, tr\u00eas animais removidos e 22 objectos perigosos retirados da via.<br \/>\nOs dados evidenciam uma semana com m\u00faltiplas ocorr\u00eancias, incluindo pelo menos um acidente com consequ\u00eancias mais s\u00e9rias, num quadro de forte actividade<\/p>\n","protected":false},"excerpt":{"rendered":"<p>A Vialitoral registou, entre 20 e 26 de Abril, oito acidentes, dos quais resultaram um ferido grave e um ferido &#8230; <\/p>\n<p class=\"read-more-container\"><a title=\"Oito acidentes na Via Litoral numa semana, com um ferido grave\" class=\"read-more button\" href=\"https:\/\/madeiraisland.news\/?p=1194637#more-1194637\" aria-label=\"Read more about Oito acidentes na Via Litoral numa semana, com um ferido grave\">Read more<\/a><\/p>\n","protected":false},"author":284,"featured_media":0,"comment_status":"open","ping_status":"","sticky":false,"template":"","format":"standard","meta":{"footnotes":""},"categories":[19],"tags":[],"class_list":["post-1194637","post","type-post","status-publish","format-standard","hentry","category-madeira-island-news","infinite-scroll-item","masonry-post","generate-columns","tablet-grid-50","mobile-grid-100","grid-parent","grid-33"],"_links":{"self":[{"href":"https:\/\/madeiraisland.news\/index.php?rest_route=\/wp\/v2\/posts\/1194637","targetHints":{"allow":["GET"]}}],"collection":[{"href":"https:\/\/madeiraisland.news\/index.php?rest_route=\/wp\/v2\/posts"}],"about":[{"href":"https:\/\/madeiraisland.news\/index.php?rest_route=\/wp\/v2\/types\/post"}],"author":[{"embeddable":true,"href":"https:\/\/madeiraisland.news\/index.php?rest_route=\/wp\/v2\/users\/284"}],"replies":[{"embeddable":true,"href":"https:\/\/madeiraisland.news\/index.php?rest_route=%2Fwp%2Fv2%2Fcomments&post=1194637"}],"version-history":[{"count":1,"href":"https:\/\/madeiraisland.news\/index.php?rest_route=\/wp\/v2\/posts\/1194637\/revisions"}],"predecessor-version":[{"id":1194638,"href":"https:\/\/madeiraisland.news\/index.php?rest_route=\/wp\/v2\/posts\/1194637\/revisions\/1194638"}],"wp:attachment":[{"href":"https:\/\/madeiraisland.news\/index.php?rest_route=%2Fwp%2Fv2%2Fmedia&parent=1194637"}],"wp:term":[{"taxonomy":"category","embeddable":true,"href":"https:\/\/madeiraisland.news\/index.php?rest_route=%2Fwp%2Fv2%2Fcategories&post=1194637"},{"taxonomy":"post_tag","embeddable":true,"href":"https:\/\/madeiraisland.news\/index.php?rest_route=%2Fwp%2Fv2%2Ftags&post=1194637"}],"curies":[{"name":"wp","href":"https:\/\/api.w.org\/{rel}","templated":true}]}}