{"id":1194634,"date":"2026-04-28T13:19:12","date_gmt":"2026-04-28T13:19:12","guid":{"rendered":"https:\/\/madeiraisland.news\/?p=1194634"},"modified":"2026-04-28T13:30:43","modified_gmt":"2026-04-28T13:30:43","slug":"viagens-turisticas-de-residentes-atingem-recorde-de-26-milhoes-em-2025","status":"publish","type":"post","link":"https:\/\/madeiraisland.news\/?p=1194634","title":{"rendered":"Viagens tur\u00edsticas de residentes atingem recorde de 26 milh\u00f5es em 2025"},"content":{"rendered":"<p>As viagens tur\u00edsticas dos residentes em Portugal aumentaram 13,7% em 2025, para um &#8220;m\u00e1ximo hist\u00f3rico&#8221; de 26,049 milh\u00f5es, superando pela primeira vez os n\u00edveis pr\u00e9-pandemia (24,5 milh\u00f5es de viagens em 2019), divulgou hoje o INE.<br \/>\nSegundo os dados &#8211; ainda provis\u00f3rios &#8211; do Instituto Nacional de Estat\u00edstica (INE), no ano passado aumentaram as viagens de residentes quer em territ\u00f3rio nacional (+14%, para 22,192 milh\u00f5es, representando 85,2% do total), quer ao estrangeiro (+12,5%, para 3,858 milh\u00f5es), e<\/p>\n","protected":false},"excerpt":{"rendered":"<p>As viagens tur\u00edsticas dos residentes em Portugal aumentaram 13,7% em 2025, para um &#8220;m\u00e1ximo hist\u00f3rico&#8221; de 26,049 milh\u00f5es, superando pela primeira vez os n\u00edveis pr\u00e9-pandemia (24,5 milh\u00f5es de viagens em 2019), divulgou hoje o INE.<\/p>\n","protected":false},"author":5,"featured_media":0,"comment_status":"open","ping_status":"","sticky":false,"template":"","format":"standard","meta":{"footnotes":""},"categories":[19],"tags":[],"class_list":["post-1194634","post","type-post","status-publish","format-standard","hentry","category-madeira-island-news","infinite-scroll-item","masonry-post","generate-columns","tablet-grid-50","mobile-grid-100","grid-parent","grid-33"],"_links":{"self":[{"href":"https:\/\/madeiraisland.news\/index.php?rest_route=\/wp\/v2\/posts\/1194634","targetHints":{"allow":["GET"]}}],"collection":[{"href":"https:\/\/madeiraisland.news\/index.php?rest_route=\/wp\/v2\/posts"}],"about":[{"href":"https:\/\/madeiraisland.news\/index.php?rest_route=\/wp\/v2\/types\/post"}],"author":[{"embeddable":true,"href":"https:\/\/madeiraisland.news\/index.php?rest_route=\/wp\/v2\/users\/5"}],"replies":[{"embeddable":true,"href":"https:\/\/madeiraisland.news\/index.php?rest_route=%2Fwp%2Fv2%2Fcomments&post=1194634"}],"version-history":[{"count":2,"href":"https:\/\/madeiraisland.news\/index.php?rest_route=\/wp\/v2\/posts\/1194634\/revisions"}],"predecessor-version":[{"id":1194636,"href":"https:\/\/madeiraisland.news\/index.php?rest_route=\/wp\/v2\/posts\/1194634\/revisions\/1194636"}],"wp:attachment":[{"href":"https:\/\/madeiraisland.news\/index.php?rest_route=%2Fwp%2Fv2%2Fmedia&parent=1194634"}],"wp:term":[{"taxonomy":"category","embeddable":true,"href":"https:\/\/madeiraisland.news\/index.php?rest_route=%2Fwp%2Fv2%2Fcategories&post=1194634"},{"taxonomy":"post_tag","embeddable":true,"href":"https:\/\/madeiraisland.news\/index.php?rest_route=%2Fwp%2Fv2%2Ftags&post=1194634"}],"curies":[{"name":"wp","href":"https:\/\/api.w.org\/{rel}","templated":true}]}}