{"id":1194631,"date":"2026-04-28T12:52:55","date_gmt":"2026-04-28T12:52:55","guid":{"rendered":"https:\/\/madeiraisland.news\/?p=1194631"},"modified":"2026-04-28T13:01:54","modified_gmt":"2026-04-28T13:01:54","slug":"antonio-costa-recusa-comentar-escutas-e-diz-desconhecer-processo-da-operacao-influencer","status":"publish","type":"post","link":"https:\/\/madeiraisland.news\/?p=1194631","title":{"rendered":"Ant\u00f3nio Costa recusa comentar escutas e diz desconhecer processo da Opera\u00e7\u00e3o Influencer"},"content":{"rendered":"<p>O antigo primeiro-ministro Ant\u00f3nio Costa reiterou hoje desconhecer o processo da Opera\u00e7\u00e3o Influencer, escusando-se a comentar as escutas tornadas p\u00fablicas sobre uma conversa com Diogo Lacerda Machado sobre o data center que iria ser constru\u00eddo em Sines.<br \/>\n&#8220;N\u00e3o conhe\u00e7o nada do processo. Fui ouvido h\u00e1 quase dois anos, a meu pedido. Desde a\u00ed n\u00e3o fa\u00e7o ideia do que aconteceu. J\u00e1 requeri v\u00e1rias vezes o acesso ao processo. Por isso, ao contr\u00e1rio dos senhores [jornalistas] nunca tive acesso. N\u00e3o vou comen<\/p>\n","protected":false},"excerpt":{"rendered":"<p>O antigo primeiro-ministro Ant\u00f3nio Costa reiterou hoje desconhecer o processo da Opera\u00e7\u00e3o Influencer, escusando-se a comentar as escutas tornadas p\u00fablicas sobre uma conversa com Diogo Lacerda Machado sobre o data center que iria ser constru\u00eddo<\/p>\n","protected":false},"author":5,"featured_media":0,"comment_status":"open","ping_status":"","sticky":false,"template":"","format":"standard","meta":{"footnotes":""},"categories":[19],"tags":[],"class_list":["post-1194631","post","type-post","status-publish","format-standard","hentry","category-madeira-island-news","infinite-scroll-item","masonry-post","generate-columns","tablet-grid-50","mobile-grid-100","grid-parent","grid-33"],"_links":{"self":[{"href":"https:\/\/madeiraisland.news\/index.php?rest_route=\/wp\/v2\/posts\/1194631","targetHints":{"allow":["GET"]}}],"collection":[{"href":"https:\/\/madeiraisland.news\/index.php?rest_route=\/wp\/v2\/posts"}],"about":[{"href":"https:\/\/madeiraisland.news\/index.php?rest_route=\/wp\/v2\/types\/post"}],"author":[{"embeddable":true,"href":"https:\/\/madeiraisland.news\/index.php?rest_route=\/wp\/v2\/users\/5"}],"replies":[{"embeddable":true,"href":"https:\/\/madeiraisland.news\/index.php?rest_route=%2Fwp%2Fv2%2Fcomments&post=1194631"}],"version-history":[{"count":2,"href":"https:\/\/madeiraisland.news\/index.php?rest_route=\/wp\/v2\/posts\/1194631\/revisions"}],"predecessor-version":[{"id":1194633,"href":"https:\/\/madeiraisland.news\/index.php?rest_route=\/wp\/v2\/posts\/1194631\/revisions\/1194633"}],"wp:attachment":[{"href":"https:\/\/madeiraisland.news\/index.php?rest_route=%2Fwp%2Fv2%2Fmedia&parent=1194631"}],"wp:term":[{"taxonomy":"category","embeddable":true,"href":"https:\/\/madeiraisland.news\/index.php?rest_route=%2Fwp%2Fv2%2Fcategories&post=1194631"},{"taxonomy":"post_tag","embeddable":true,"href":"https:\/\/madeiraisland.news\/index.php?rest_route=%2Fwp%2Fv2%2Ftags&post=1194631"}],"curies":[{"name":"wp","href":"https:\/\/api.w.org\/{rel}","templated":true}]}}