{"id":1194629,"date":"2026-04-28T11:49:56","date_gmt":"2026-04-28T11:49:56","guid":{"rendered":"https:\/\/madeiraisland.news\/?p=1194629"},"modified":"2026-04-28T12:07:28","modified_gmt":"2026-04-28T12:07:28","slug":"marinha-resgata-quatro-tripulantes-de-embarcacao-a-deriva","status":"publish","type":"post","link":"https:\/\/madeiraisland.news\/?p=1194629","title":{"rendered":"Marinha resgata quatro tripulantes de embarca\u00e7\u00e3o \u00e0 deriva"},"content":{"rendered":"<p>A Marinha Portuguesa resgatou, no dia ontem, quatro tripulantes de uma embarca\u00e7\u00e3o que se encontrava \u00e0 deriva, sem propuls\u00e3o, a cerca de 130 milhas n\u00e1uticas, aproximadamente 240 quil\u00f3metros, a norte da ilha da Madeira.<br \/>\nDe acordo com um comunicado, o alerta foi recebido pelas 23h45 de domingo, 26 de Abril, atrav\u00e9s do Subcentro de Coordena\u00e7\u00e3o de Busca e Salvamento Mar\u00edtimo do Funchal (MRSC Funchal), dando conta de uma embarca\u00e7\u00e3o sem capacidade de navega\u00e7\u00e3o e sem \u00e1gua pot\u00e1vel a bordo, com quatro tri<\/p>\n","protected":false},"excerpt":{"rendered":"<p>A Marinha Portuguesa resgatou, no dia ontem, quatro tripulantes de uma embarca\u00e7\u00e3o que se encontrava \u00e0 deriva, sem propuls\u00e3o, a &#8230; <\/p>\n<p class=\"read-more-container\"><a title=\"Marinha resgata quatro tripulantes de embarca\u00e7\u00e3o \u00e0 deriva\" class=\"read-more button\" href=\"https:\/\/madeiraisland.news\/?p=1194629#more-1194629\" aria-label=\"Read more about Marinha resgata quatro tripulantes de embarca\u00e7\u00e3o \u00e0 deriva\">Read more<\/a><\/p>\n","protected":false},"author":284,"featured_media":0,"comment_status":"open","ping_status":"","sticky":false,"template":"","format":"standard","meta":{"footnotes":""},"categories":[19],"tags":[],"class_list":["post-1194629","post","type-post","status-publish","format-standard","hentry","category-madeira-island-news","infinite-scroll-item","masonry-post","generate-columns","tablet-grid-50","mobile-grid-100","grid-parent","grid-33"],"_links":{"self":[{"href":"https:\/\/madeiraisland.news\/index.php?rest_route=\/wp\/v2\/posts\/1194629","targetHints":{"allow":["GET"]}}],"collection":[{"href":"https:\/\/madeiraisland.news\/index.php?rest_route=\/wp\/v2\/posts"}],"about":[{"href":"https:\/\/madeiraisland.news\/index.php?rest_route=\/wp\/v2\/types\/post"}],"author":[{"embeddable":true,"href":"https:\/\/madeiraisland.news\/index.php?rest_route=\/wp\/v2\/users\/284"}],"replies":[{"embeddable":true,"href":"https:\/\/madeiraisland.news\/index.php?rest_route=%2Fwp%2Fv2%2Fcomments&post=1194629"}],"version-history":[{"count":1,"href":"https:\/\/madeiraisland.news\/index.php?rest_route=\/wp\/v2\/posts\/1194629\/revisions"}],"predecessor-version":[{"id":1194630,"href":"https:\/\/madeiraisland.news\/index.php?rest_route=\/wp\/v2\/posts\/1194629\/revisions\/1194630"}],"wp:attachment":[{"href":"https:\/\/madeiraisland.news\/index.php?rest_route=%2Fwp%2Fv2%2Fmedia&parent=1194629"}],"wp:term":[{"taxonomy":"category","embeddable":true,"href":"https:\/\/madeiraisland.news\/index.php?rest_route=%2Fwp%2Fv2%2Fcategories&post=1194629"},{"taxonomy":"post_tag","embeddable":true,"href":"https:\/\/madeiraisland.news\/index.php?rest_route=%2Fwp%2Fv2%2Ftags&post=1194629"}],"curies":[{"name":"wp","href":"https:\/\/api.w.org\/{rel}","templated":true}]}}