{"id":1194627,"date":"2026-04-28T10:20:41","date_gmt":"2026-04-28T10:20:41","guid":{"rendered":"https:\/\/madeiraisland.news\/?p=1194627"},"modified":"2026-04-28T10:30:55","modified_gmt":"2026-04-28T10:30:55","slug":"homem-socorrido-apos-ingestao-de-veneno-na-calheta","status":"publish","type":"post","link":"https:\/\/madeiraisland.news\/?p=1194627","title":{"rendered":"Homem socorrido ap\u00f3s ingest\u00e3o de veneno na Calheta"},"content":{"rendered":"<p>Um homem, na casa dos 30 anos, foi socorrido esta manh\u00e3 no Estreito da Calheta ap\u00f3s ter ingerido uma subst\u00e2ncia t\u00f3xica, numa alegada tentativa de suic\u00eddio.<br \/>\nO alerta mobilizou os Bombeiros Volunt\u00e1rios da Calheta, que prestaram os primeiros cuidados no local. Dada a gravidade da situa\u00e7\u00e3o, foi tamb\u00e9m accionada a Equipa M\u00e9dica de Interven\u00e7\u00e3o R\u00e1pida (EMIR), que apoiou a assist\u00eancia \u00e0 v\u00edtima quando esta j\u00e1 se encontrava na unidade de sa\u00fade.<br \/>\nAs circunst\u00e2ncias do caso est\u00e3o a ser apuradas.<\/p>\n","protected":false},"excerpt":{"rendered":"<p>Um homem, na casa dos 30 anos, foi socorrido esta manh\u00e3 no Estreito da Calheta ap\u00f3s ter ingerido uma subst\u00e2ncia &#8230; <\/p>\n<p class=\"read-more-container\"><a title=\"Homem socorrido ap\u00f3s ingest\u00e3o de veneno na Calheta\" class=\"read-more button\" href=\"https:\/\/madeiraisland.news\/?p=1194627#more-1194627\" aria-label=\"Read more about Homem socorrido ap\u00f3s ingest\u00e3o de veneno na Calheta\">Read more<\/a><\/p>\n","protected":false},"author":284,"featured_media":0,"comment_status":"open","ping_status":"","sticky":false,"template":"","format":"standard","meta":{"footnotes":""},"categories":[19],"tags":[],"class_list":["post-1194627","post","type-post","status-publish","format-standard","hentry","category-madeira-island-news","infinite-scroll-item","masonry-post","generate-columns","tablet-grid-50","mobile-grid-100","grid-parent","grid-33"],"_links":{"self":[{"href":"https:\/\/madeiraisland.news\/index.php?rest_route=\/wp\/v2\/posts\/1194627","targetHints":{"allow":["GET"]}}],"collection":[{"href":"https:\/\/madeiraisland.news\/index.php?rest_route=\/wp\/v2\/posts"}],"about":[{"href":"https:\/\/madeiraisland.news\/index.php?rest_route=\/wp\/v2\/types\/post"}],"author":[{"embeddable":true,"href":"https:\/\/madeiraisland.news\/index.php?rest_route=\/wp\/v2\/users\/284"}],"replies":[{"embeddable":true,"href":"https:\/\/madeiraisland.news\/index.php?rest_route=%2Fwp%2Fv2%2Fcomments&post=1194627"}],"version-history":[{"count":1,"href":"https:\/\/madeiraisland.news\/index.php?rest_route=\/wp\/v2\/posts\/1194627\/revisions"}],"predecessor-version":[{"id":1194628,"href":"https:\/\/madeiraisland.news\/index.php?rest_route=\/wp\/v2\/posts\/1194627\/revisions\/1194628"}],"wp:attachment":[{"href":"https:\/\/madeiraisland.news\/index.php?rest_route=%2Fwp%2Fv2%2Fmedia&parent=1194627"}],"wp:term":[{"taxonomy":"category","embeddable":true,"href":"https:\/\/madeiraisland.news\/index.php?rest_route=%2Fwp%2Fv2%2Fcategories&post=1194627"},{"taxonomy":"post_tag","embeddable":true,"href":"https:\/\/madeiraisland.news\/index.php?rest_route=%2Fwp%2Fv2%2Ftags&post=1194627"}],"curies":[{"name":"wp","href":"https:\/\/api.w.org\/{rel}","templated":true}]}}