{"id":1194622,"date":"2026-04-28T09:20:42","date_gmt":"2026-04-28T09:20:42","guid":{"rendered":"https:\/\/madeiraisland.news\/?p=1194622"},"modified":"2026-04-28T09:34:00","modified_gmt":"2026-04-28T09:34:00","slug":"despiste-na-via-rapida-faz-um-ferido-ligeiro","status":"publish","type":"post","link":"https:\/\/madeiraisland.news\/?p=1194622","title":{"rendered":"Despiste na via r\u00e1pida faz um ferido ligeiro"},"content":{"rendered":"<p>Um jovem ficou ferido na sequ\u00eancia do despiste de um ve\u00edculo ligeiro ocorrido esta madrugada, na via r\u00e1pida, na zona de S\u00e3o Gon\u00e7alo, no sentido Funchal\u2013Cani\u00e7o.<br \/>\nO alerta foi dado pelas 6 horas, mobilizando para o local os Bombeiros Volunt\u00e1rios Madeirenses, que procederam ao socorro da v\u00edtima. O condutor apresentava ferimentos considerados ligeiros, tendo sido assistido no local e posteriormente transportado numa ambul\u00e2ncia da corpora\u00e7\u00e3o para o Hospital Dr. N\u00e9lio Mendon\u00e7a, no Funchal.<br \/>\nAs circunst\u00e2<\/p>\n","protected":false},"excerpt":{"rendered":"<p>Um jovem ficou ferido na sequ\u00eancia do despiste de um ve\u00edculo ligeiro ocorrido esta madrugada, na via r\u00e1pida, na zona &#8230; <\/p>\n<p class=\"read-more-container\"><a title=\"Despiste na via r\u00e1pida faz um ferido ligeiro\" class=\"read-more button\" href=\"https:\/\/madeiraisland.news\/?p=1194622#more-1194622\" aria-label=\"Read more about Despiste na via r\u00e1pida faz um ferido ligeiro\">Read more<\/a><\/p>\n","protected":false},"author":284,"featured_media":0,"comment_status":"open","ping_status":"","sticky":false,"template":"","format":"standard","meta":{"footnotes":""},"categories":[19],"tags":[],"class_list":["post-1194622","post","type-post","status-publish","format-standard","hentry","category-madeira-island-news","infinite-scroll-item","masonry-post","generate-columns","tablet-grid-50","mobile-grid-100","grid-parent","grid-33"],"_links":{"self":[{"href":"https:\/\/madeiraisland.news\/index.php?rest_route=\/wp\/v2\/posts\/1194622","targetHints":{"allow":["GET"]}}],"collection":[{"href":"https:\/\/madeiraisland.news\/index.php?rest_route=\/wp\/v2\/posts"}],"about":[{"href":"https:\/\/madeiraisland.news\/index.php?rest_route=\/wp\/v2\/types\/post"}],"author":[{"embeddable":true,"href":"https:\/\/madeiraisland.news\/index.php?rest_route=\/wp\/v2\/users\/284"}],"replies":[{"embeddable":true,"href":"https:\/\/madeiraisland.news\/index.php?rest_route=%2Fwp%2Fv2%2Fcomments&post=1194622"}],"version-history":[{"count":1,"href":"https:\/\/madeiraisland.news\/index.php?rest_route=\/wp\/v2\/posts\/1194622\/revisions"}],"predecessor-version":[{"id":1194623,"href":"https:\/\/madeiraisland.news\/index.php?rest_route=\/wp\/v2\/posts\/1194622\/revisions\/1194623"}],"wp:attachment":[{"href":"https:\/\/madeiraisland.news\/index.php?rest_route=%2Fwp%2Fv2%2Fmedia&parent=1194622"}],"wp:term":[{"taxonomy":"category","embeddable":true,"href":"https:\/\/madeiraisland.news\/index.php?rest_route=%2Fwp%2Fv2%2Fcategories&post=1194622"},{"taxonomy":"post_tag","embeddable":true,"href":"https:\/\/madeiraisland.news\/index.php?rest_route=%2Fwp%2Fv2%2Ftags&post=1194622"}],"curies":[{"name":"wp","href":"https:\/\/api.w.org\/{rel}","templated":true}]}}