{"id":1194620,"date":"2026-04-28T09:24:21","date_gmt":"2026-04-28T09:24:21","guid":{"rendered":"https:\/\/madeiraisland.news\/?p=1194620"},"modified":"2026-04-28T09:34:00","modified_gmt":"2026-04-28T09:34:00","slug":"funcionaria-ferida-apos-ser-atingida-por-palete","status":"publish","type":"post","link":"https:\/\/madeiraisland.news\/?p=1194620","title":{"rendered":"Funcion\u00e1ria ferida ap\u00f3s ser atingida por palete"},"content":{"rendered":"<p>Uma trabalhadora ficou ferida esta manh\u00e3 ap\u00f3s ter sido atingida no p\u00e9 por uma palete, num supermercado localizado na zona dos Viveiros, no Funchal.<br \/>\nOs Bombeiros Volunt\u00e1rios Madeirenses foram mobilizados para o local e prestaram assist\u00eancia \u00e0 v\u00edtima. A mulher apresentava queixas ao n\u00edvel do p\u00e9, tendo sido posteriormente transportada para o Hospital Dr. N\u00e9lio Mendon\u00e7a.<br \/>\nAs circunst\u00e2ncias do acidente n\u00e3o s\u00e3o, para j\u00e1, conhecidas.<\/p>\n","protected":false},"excerpt":{"rendered":"<p>Uma trabalhadora ficou ferida esta manh\u00e3 ap\u00f3s ter sido atingida no p\u00e9 por uma palete, num supermercado localizado na zona &#8230; <\/p>\n<p class=\"read-more-container\"><a title=\"Funcion\u00e1ria ferida ap\u00f3s ser atingida por palete\" class=\"read-more button\" href=\"https:\/\/madeiraisland.news\/?p=1194620#more-1194620\" aria-label=\"Read more about Funcion\u00e1ria ferida ap\u00f3s ser atingida por palete\">Read more<\/a><\/p>\n","protected":false},"author":284,"featured_media":0,"comment_status":"open","ping_status":"","sticky":false,"template":"","format":"standard","meta":{"footnotes":""},"categories":[19],"tags":[],"class_list":["post-1194620","post","type-post","status-publish","format-standard","hentry","category-madeira-island-news","infinite-scroll-item","masonry-post","generate-columns","tablet-grid-50","mobile-grid-100","grid-parent","grid-33"],"_links":{"self":[{"href":"https:\/\/madeiraisland.news\/index.php?rest_route=\/wp\/v2\/posts\/1194620","targetHints":{"allow":["GET"]}}],"collection":[{"href":"https:\/\/madeiraisland.news\/index.php?rest_route=\/wp\/v2\/posts"}],"about":[{"href":"https:\/\/madeiraisland.news\/index.php?rest_route=\/wp\/v2\/types\/post"}],"author":[{"embeddable":true,"href":"https:\/\/madeiraisland.news\/index.php?rest_route=\/wp\/v2\/users\/284"}],"replies":[{"embeddable":true,"href":"https:\/\/madeiraisland.news\/index.php?rest_route=%2Fwp%2Fv2%2Fcomments&post=1194620"}],"version-history":[{"count":1,"href":"https:\/\/madeiraisland.news\/index.php?rest_route=\/wp\/v2\/posts\/1194620\/revisions"}],"predecessor-version":[{"id":1194621,"href":"https:\/\/madeiraisland.news\/index.php?rest_route=\/wp\/v2\/posts\/1194620\/revisions\/1194621"}],"wp:attachment":[{"href":"https:\/\/madeiraisland.news\/index.php?rest_route=%2Fwp%2Fv2%2Fmedia&parent=1194620"}],"wp:term":[{"taxonomy":"category","embeddable":true,"href":"https:\/\/madeiraisland.news\/index.php?rest_route=%2Fwp%2Fv2%2Fcategories&post=1194620"},{"taxonomy":"post_tag","embeddable":true,"href":"https:\/\/madeiraisland.news\/index.php?rest_route=%2Fwp%2Fv2%2Ftags&post=1194620"}],"curies":[{"name":"wp","href":"https:\/\/api.w.org\/{rel}","templated":true}]}}