{"id":1194618,"date":"2026-04-28T08:06:02","date_gmt":"2026-04-28T08:06:02","guid":{"rendered":"https:\/\/madeiraisland.news\/?p=1194618"},"modified":"2026-04-28T08:06:55","modified_gmt":"2026-04-28T08:06:55","slug":"vedeta-do-programa-1-companhia-vem-a-inauguracao-de-loja-de-mobilia-em-machico","status":"publish","type":"post","link":"https:\/\/madeiraisland.news\/?p=1194618","title":{"rendered":"Vedeta do programa \u201c1.\u00b0 Companhia\u201d vem a inaugura\u00e7\u00e3o de loja de mob\u00edlia em Machico"},"content":{"rendered":"<p>A 7 de maio \u00e9 inaughrads a loja DORUM, em Machico. Al\u00e9m da presen\u00e7a de Filipe Delgado para uma sess\u00e3o de aut\u00f3grafos (16h), haver\u00e1 pre\u00e7os especiais de abertura.<\/p>\n","protected":false},"excerpt":{"rendered":"<p>A 7 de maio \u00e9 inaughrads a loja DORUM, em Machico. Al\u00e9m da presen\u00e7a de Filipe Delgado para uma sess\u00e3o &#8230; <\/p>\n<p class=\"read-more-container\"><a title=\"Vedeta do programa \u201c1.\u00b0 Companhia\u201d vem a inaugura\u00e7\u00e3o de loja de mob\u00edlia em Machico\" class=\"read-more button\" href=\"https:\/\/madeiraisland.news\/?p=1194618#more-1194618\" aria-label=\"Read more about Vedeta do programa \u201c1.\u00b0 Companhia\u201d vem a inaugura\u00e7\u00e3o de loja de mob\u00edlia em Machico\">Read more<\/a><\/p>\n","protected":false},"author":259,"featured_media":0,"comment_status":"open","ping_status":"","sticky":false,"template":"","format":"standard","meta":{"footnotes":""},"categories":[19],"tags":[],"class_list":["post-1194618","post","type-post","status-publish","format-standard","hentry","category-madeira-island-news","infinite-scroll-item","masonry-post","generate-columns","tablet-grid-50","mobile-grid-100","grid-parent","grid-33"],"_links":{"self":[{"href":"https:\/\/madeiraisland.news\/index.php?rest_route=\/wp\/v2\/posts\/1194618","targetHints":{"allow":["GET"]}}],"collection":[{"href":"https:\/\/madeiraisland.news\/index.php?rest_route=\/wp\/v2\/posts"}],"about":[{"href":"https:\/\/madeiraisland.news\/index.php?rest_route=\/wp\/v2\/types\/post"}],"author":[{"embeddable":true,"href":"https:\/\/madeiraisland.news\/index.php?rest_route=\/wp\/v2\/users\/259"}],"replies":[{"embeddable":true,"href":"https:\/\/madeiraisland.news\/index.php?rest_route=%2Fwp%2Fv2%2Fcomments&post=1194618"}],"version-history":[{"count":1,"href":"https:\/\/madeiraisland.news\/index.php?rest_route=\/wp\/v2\/posts\/1194618\/revisions"}],"predecessor-version":[{"id":1194619,"href":"https:\/\/madeiraisland.news\/index.php?rest_route=\/wp\/v2\/posts\/1194618\/revisions\/1194619"}],"wp:attachment":[{"href":"https:\/\/madeiraisland.news\/index.php?rest_route=%2Fwp%2Fv2%2Fmedia&parent=1194618"}],"wp:term":[{"taxonomy":"category","embeddable":true,"href":"https:\/\/madeiraisland.news\/index.php?rest_route=%2Fwp%2Fv2%2Fcategories&post=1194618"},{"taxonomy":"post_tag","embeddable":true,"href":"https:\/\/madeiraisland.news\/index.php?rest_route=%2Fwp%2Fv2%2Ftags&post=1194618"}],"curies":[{"name":"wp","href":"https:\/\/api.w.org\/{rel}","templated":true}]}}