{"id":1194615,"date":"2026-04-28T07:36:23","date_gmt":"2026-04-28T07:36:23","guid":{"rendered":"https:\/\/madeiraisland.news\/?p=1194615"},"modified":"2026-04-28T07:50:59","modified_gmt":"2026-04-28T07:50:59","slug":"chega-chama-administracao-da-tap-a-assembleia-para-esclarecer-suspeitas","status":"publish","type":"post","link":"https:\/\/madeiraisland.news\/?p=1194615","title":{"rendered":"CHEGA chama administra\u00e7\u00e3o da TAP \u00e0 Assembleia para esclarecer suspeitas"},"content":{"rendered":"<p>O grupo parlamentar do CHEGA na<br \/>\nAssembleia da Rep\u00fablica requereu a audi\u00e7\u00e3o urgente da administra\u00e7\u00e3o da TAP na<br \/>\nComiss\u00e3o de Infraestruturas, Mobilidade e Habita\u00e7\u00e3o, para prestar<br \/>\nesclarecimentos sobre um conjunto de decis\u00f5es de gest\u00e3o e factos recentes que,<br \/>\npara o CHEGA, levantam preocupa\u00e7\u00f5es quanto \u00e0 transpar\u00eancia, sustentabilidade<br \/>\nfinanceira e governa\u00e7\u00e3o da companhia.<br \/>\nSegundo nota \u00e0 imprensa, o processo ser\u00e1 acompanhado por<br \/>\nFrancisco Gomes, coordenador do CHEGA na 14.\u00aa Comiss\u00e3o Parlamentar, que <\/p>\n","protected":false},"excerpt":{"rendered":"<p>O grupo parlamentar do CHEGA na Assembleia da Rep\u00fablica requereu a audi\u00e7\u00e3o urgente da administra\u00e7\u00e3o da TAP na Comiss\u00e3o de Infraestruturas, Mobilidade e Habita\u00e7\u00e3o, para prestar esclarecimentos sobre um conjunto de decis\u00f5es de gest\u00e3o e<\/p>\n","protected":false},"author":23,"featured_media":0,"comment_status":"open","ping_status":"","sticky":false,"template":"","format":"standard","meta":{"footnotes":""},"categories":[19],"tags":[],"class_list":["post-1194615","post","type-post","status-publish","format-standard","hentry","category-madeira-island-news","infinite-scroll-item","masonry-post","generate-columns","tablet-grid-50","mobile-grid-100","grid-parent","grid-33"],"_links":{"self":[{"href":"https:\/\/madeiraisland.news\/index.php?rest_route=\/wp\/v2\/posts\/1194615","targetHints":{"allow":["GET"]}}],"collection":[{"href":"https:\/\/madeiraisland.news\/index.php?rest_route=\/wp\/v2\/posts"}],"about":[{"href":"https:\/\/madeiraisland.news\/index.php?rest_route=\/wp\/v2\/types\/post"}],"author":[{"embeddable":true,"href":"https:\/\/madeiraisland.news\/index.php?rest_route=\/wp\/v2\/users\/23"}],"replies":[{"embeddable":true,"href":"https:\/\/madeiraisland.news\/index.php?rest_route=%2Fwp%2Fv2%2Fcomments&post=1194615"}],"version-history":[{"count":2,"href":"https:\/\/madeiraisland.news\/index.php?rest_route=\/wp\/v2\/posts\/1194615\/revisions"}],"predecessor-version":[{"id":1194617,"href":"https:\/\/madeiraisland.news\/index.php?rest_route=\/wp\/v2\/posts\/1194615\/revisions\/1194617"}],"wp:attachment":[{"href":"https:\/\/madeiraisland.news\/index.php?rest_route=%2Fwp%2Fv2%2Fmedia&parent=1194615"}],"wp:term":[{"taxonomy":"category","embeddable":true,"href":"https:\/\/madeiraisland.news\/index.php?rest_route=%2Fwp%2Fv2%2Fcategories&post=1194615"},{"taxonomy":"post_tag","embeddable":true,"href":"https:\/\/madeiraisland.news\/index.php?rest_route=%2Fwp%2Fv2%2Ftags&post=1194615"}],"curies":[{"name":"wp","href":"https:\/\/api.w.org\/{rel}","templated":true}]}}