{"id":1194612,"date":"2026-04-28T07:03:43","date_gmt":"2026-04-28T07:03:43","guid":{"rendered":"https:\/\/madeiraisland.news\/?p=1194612"},"modified":"2026-04-28T07:09:20","modified_gmt":"2026-04-28T07:09:20","slug":"temperaturas-maximas-descem-a-partir-de-hoje-no-continente","status":"publish","type":"post","link":"https:\/\/madeiraisland.news\/?p=1194612","title":{"rendered":"Temperaturas m\u00e1ximas descem a partir de hoje no continente"},"content":{"rendered":"<p>As temperaturas m\u00e1ximas v\u00e3o descer significativamente na quarta-feira podendo ser de menos 08 graus Celsius em algumas regi\u00f5es do continente, quebrando-se a possibilidade de uma onda de calor, segundo o Instituto Portugu\u00eas do Mar e da Atmosfera (IPMA).<br \/>\nEm declara\u00e7\u00f5es \u00e0 ag\u00eancia Lusa, a meteorologista Maria Jo\u00e3o Frada disse que a partir de hoje est\u00e1 prevista uma descida das temperaturas m\u00e1ximas, que nos \u00faltimos dias t\u00eam estado acima da m\u00e9dia para a \u00e9poca do ano.<br \/>\n&#8220;Hoje ainda vamos ter um dia abafad<\/p>\n","protected":false},"excerpt":{"rendered":"<p>As temperaturas m\u00e1ximas v\u00e3o descer significativamente na quarta-feira podendo ser de menos 08 graus Celsius em algumas regi\u00f5es do continente, quebrando-se a possibilidade de uma onda de calor, segundo o Instituto Portugu\u00eas do Mar e<\/p>\n","protected":false},"author":5,"featured_media":0,"comment_status":"open","ping_status":"","sticky":false,"template":"","format":"standard","meta":{"footnotes":""},"categories":[19],"tags":[],"class_list":["post-1194612","post","type-post","status-publish","format-standard","hentry","category-madeira-island-news","infinite-scroll-item","masonry-post","generate-columns","tablet-grid-50","mobile-grid-100","grid-parent","grid-33"],"_links":{"self":[{"href":"https:\/\/madeiraisland.news\/index.php?rest_route=\/wp\/v2\/posts\/1194612","targetHints":{"allow":["GET"]}}],"collection":[{"href":"https:\/\/madeiraisland.news\/index.php?rest_route=\/wp\/v2\/posts"}],"about":[{"href":"https:\/\/madeiraisland.news\/index.php?rest_route=\/wp\/v2\/types\/post"}],"author":[{"embeddable":true,"href":"https:\/\/madeiraisland.news\/index.php?rest_route=\/wp\/v2\/users\/5"}],"replies":[{"embeddable":true,"href":"https:\/\/madeiraisland.news\/index.php?rest_route=%2Fwp%2Fv2%2Fcomments&post=1194612"}],"version-history":[{"count":2,"href":"https:\/\/madeiraisland.news\/index.php?rest_route=\/wp\/v2\/posts\/1194612\/revisions"}],"predecessor-version":[{"id":1194614,"href":"https:\/\/madeiraisland.news\/index.php?rest_route=\/wp\/v2\/posts\/1194612\/revisions\/1194614"}],"wp:attachment":[{"href":"https:\/\/madeiraisland.news\/index.php?rest_route=%2Fwp%2Fv2%2Fmedia&parent=1194612"}],"wp:term":[{"taxonomy":"category","embeddable":true,"href":"https:\/\/madeiraisland.news\/index.php?rest_route=%2Fwp%2Fv2%2Fcategories&post=1194612"},{"taxonomy":"post_tag","embeddable":true,"href":"https:\/\/madeiraisland.news\/index.php?rest_route=%2Fwp%2Fv2%2Ftags&post=1194612"}],"curies":[{"name":"wp","href":"https:\/\/api.w.org\/{rel}","templated":true}]}}