{"id":1194609,"date":"2026-04-28T06:48:19","date_gmt":"2026-04-28T06:48:19","guid":{"rendered":"https:\/\/madeiraisland.news\/?p=1194609"},"modified":"2026-04-28T07:02:10","modified_gmt":"2026-04-28T07:02:10","slug":"psd-concorrera-sozinho-nas-eleicoes-regionais-de-2028-nos-acores","status":"publish","type":"post","link":"https:\/\/madeiraisland.news\/?p=1194609","title":{"rendered":"PSD concorrer\u00e1 sozinho nas elei\u00e7\u00f5es regionais de 2028 nos A\u00e7ores"},"content":{"rendered":"<p>O social-democrata e presidente do Governo dos A\u00e7ores (PSD\/CDS-PP\/PPM), Jos\u00e9 Manuel Bolieiro, disse que os acordos de coliga\u00e7\u00e3o entre os tr\u00eas partidos vigoram at\u00e9 2028 e, nas pr\u00f3ximas elei\u00e7\u00f5es regionais, o PSD concorrer\u00e1 sozinho.<br \/>\n&#8220;Vamos cumprir os nossos acordos. [&#8230;] Sou cumpridor dos meus compromissos e da palavra dada, e, portanto, vou cumprir a palavra dada. A [atual] coliga\u00e7\u00e3o pr\u00e9-eleitoral vai at\u00e9 2028, [&#8230;] isso significa que, a partir de 2028, n\u00e3o h\u00e1 coliga\u00e7\u00e3o pr\u00e9-eleitoral. \u00c9 o que fo<\/p>\n","protected":false},"excerpt":{"rendered":"<p>O social-democrata e presidente do Governo dos A\u00e7ores (PSD\/CDS-PP\/PPM), Jos\u00e9 Manuel Bolieiro, disse que os acordos de coliga\u00e7\u00e3o entre os tr\u00eas partidos vigoram at\u00e9 2028 e, nas pr\u00f3ximas elei\u00e7\u00f5es regionais, o PSD concorrer\u00e1 sozinho. &#8220;Vamos<\/p>\n","protected":false},"author":5,"featured_media":0,"comment_status":"open","ping_status":"","sticky":false,"template":"","format":"standard","meta":{"footnotes":""},"categories":[19],"tags":[],"class_list":["post-1194609","post","type-post","status-publish","format-standard","hentry","category-madeira-island-news","infinite-scroll-item","masonry-post","generate-columns","tablet-grid-50","mobile-grid-100","grid-parent","grid-33"],"_links":{"self":[{"href":"https:\/\/madeiraisland.news\/index.php?rest_route=\/wp\/v2\/posts\/1194609","targetHints":{"allow":["GET"]}}],"collection":[{"href":"https:\/\/madeiraisland.news\/index.php?rest_route=\/wp\/v2\/posts"}],"about":[{"href":"https:\/\/madeiraisland.news\/index.php?rest_route=\/wp\/v2\/types\/post"}],"author":[{"embeddable":true,"href":"https:\/\/madeiraisland.news\/index.php?rest_route=\/wp\/v2\/users\/5"}],"replies":[{"embeddable":true,"href":"https:\/\/madeiraisland.news\/index.php?rest_route=%2Fwp%2Fv2%2Fcomments&post=1194609"}],"version-history":[{"count":2,"href":"https:\/\/madeiraisland.news\/index.php?rest_route=\/wp\/v2\/posts\/1194609\/revisions"}],"predecessor-version":[{"id":1194611,"href":"https:\/\/madeiraisland.news\/index.php?rest_route=\/wp\/v2\/posts\/1194609\/revisions\/1194611"}],"wp:attachment":[{"href":"https:\/\/madeiraisland.news\/index.php?rest_route=%2Fwp%2Fv2%2Fmedia&parent=1194609"}],"wp:term":[{"taxonomy":"category","embeddable":true,"href":"https:\/\/madeiraisland.news\/index.php?rest_route=%2Fwp%2Fv2%2Fcategories&post=1194609"},{"taxonomy":"post_tag","embeddable":true,"href":"https:\/\/madeiraisland.news\/index.php?rest_route=%2Fwp%2Fv2%2Ftags&post=1194609"}],"curies":[{"name":"wp","href":"https:\/\/api.w.org\/{rel}","templated":true}]}}