{"id":1194606,"date":"2026-04-28T06:20:56","date_gmt":"2026-04-28T06:20:56","guid":{"rendered":"https:\/\/madeiraisland.news\/?p=1194606"},"modified":"2026-04-28T06:34:03","modified_gmt":"2026-04-28T06:34:03","slug":"centro-islamico-participa-contra-deputado-do-chega-por-discurso-de-odio-na-madeira","status":"publish","type":"post","link":"https:\/\/madeiraisland.news\/?p=1194606","title":{"rendered":"Centro Isl\u00e2mico participa contra deputado do Chega por discurso de \u00f3dio na Madeira"},"content":{"rendered":"<p>O Centro Isl\u00e2mico participa contra o deputado do Chega por discurso de \u00f3dio na Madeira \u00e9 um dos assuntos em destaques na imprensa nacional desta ter\u00e7a-feira, 28 de Abril, nomeadamente no Di\u00e1rio de Not\u00edcias.<br \/>\nSaiba quais os outros assuntos que este e outros matutinos destacam nas primeiras p\u00e1ginas:\u00a0<br \/>\nDi\u00e1rio de Not\u00edcias:<br \/>\n&#8211; &#8220;Estudo portugu\u00eas aponta para uso seguro de cetamina para tratar depress\u00e3o&#8221;<br \/>\n&#8211; &#8220;Ir\u00e3o prop\u00f5e aos EUA deixar nuclear para depois da guerra e reabrir Ormuz&#8221;<br \/>\n&#8211; &#8220;Em dois meses de guerra<\/p>\n","protected":false},"excerpt":{"rendered":"<p>O Centro Isl\u00e2mico participa contra o deputado do Chega por discurso de \u00f3dio na Madeira \u00e9 um dos assuntos em destaques na imprensa nacional desta ter\u00e7a-feira, 28 de Abril, nomeadamente no Di\u00e1rio de Not\u00edcias. Saiba<\/p>\n","protected":false},"author":5,"featured_media":0,"comment_status":"open","ping_status":"","sticky":false,"template":"","format":"standard","meta":{"footnotes":""},"categories":[19],"tags":[],"class_list":["post-1194606","post","type-post","status-publish","format-standard","hentry","category-madeira-island-news","infinite-scroll-item","masonry-post","generate-columns","tablet-grid-50","mobile-grid-100","grid-parent","grid-33"],"_links":{"self":[{"href":"https:\/\/madeiraisland.news\/index.php?rest_route=\/wp\/v2\/posts\/1194606","targetHints":{"allow":["GET"]}}],"collection":[{"href":"https:\/\/madeiraisland.news\/index.php?rest_route=\/wp\/v2\/posts"}],"about":[{"href":"https:\/\/madeiraisland.news\/index.php?rest_route=\/wp\/v2\/types\/post"}],"author":[{"embeddable":true,"href":"https:\/\/madeiraisland.news\/index.php?rest_route=\/wp\/v2\/users\/5"}],"replies":[{"embeddable":true,"href":"https:\/\/madeiraisland.news\/index.php?rest_route=%2Fwp%2Fv2%2Fcomments&post=1194606"}],"version-history":[{"count":2,"href":"https:\/\/madeiraisland.news\/index.php?rest_route=\/wp\/v2\/posts\/1194606\/revisions"}],"predecessor-version":[{"id":1194608,"href":"https:\/\/madeiraisland.news\/index.php?rest_route=\/wp\/v2\/posts\/1194606\/revisions\/1194608"}],"wp:attachment":[{"href":"https:\/\/madeiraisland.news\/index.php?rest_route=%2Fwp%2Fv2%2Fmedia&parent=1194606"}],"wp:term":[{"taxonomy":"category","embeddable":true,"href":"https:\/\/madeiraisland.news\/index.php?rest_route=%2Fwp%2Fv2%2Fcategories&post=1194606"},{"taxonomy":"post_tag","embeddable":true,"href":"https:\/\/madeiraisland.news\/index.php?rest_route=%2Fwp%2Fv2%2Ftags&post=1194606"}],"curies":[{"name":"wp","href":"https:\/\/api.w.org\/{rel}","templated":true}]}}