{"id":1194600,"date":"2026-04-28T04:04:00","date_gmt":"2026-04-28T04:04:00","guid":{"rendered":"https:\/\/madeiraisland.news\/?p=1194600"},"modified":"2026-04-28T04:16:00","modified_gmt":"2026-04-28T04:16:00","slug":"plataforma-quer-acabar-ate-2030-com-plasticos-de-uso-unico-desnecessarios","status":"publish","type":"post","link":"https:\/\/madeiraisland.news\/?p=1194600","title":{"rendered":"Plataforma quer acabar at\u00e9 2030 com pl\u00e1sticos de uso \u00fanico desnecess\u00e1rios"},"content":{"rendered":"<p>A elimina\u00e7\u00e3o de todos os pl\u00e1sticos de uso \u00fanico considerados problem\u00e1ticos ou desnecess\u00e1rios \u00e9 uma das metas estrat\u00e9gicas da plataforma Pacto Portugu\u00eas para os Pl\u00e1sticos para 2030, que foram ontem apresentadas.<br \/>\nEm comunicado, a plataforma &#8211; que integra 115 entidades, entre produtores, retalhistas, empresas de reciclagem, universidades e associa\u00e7\u00f5es, al\u00e9m do governo &#8211; refere que as metas refor\u00e7am &#8220;o compromisso com a transi\u00e7\u00e3o para uma economia circular para os pl\u00e1sticos em Portugal&#8221;.<br \/>\nNo eixo &#8220;R<\/p>\n","protected":false},"excerpt":{"rendered":"<p>A elimina\u00e7\u00e3o de todos os pl\u00e1sticos de uso \u00fanico considerados problem\u00e1ticos ou desnecess\u00e1rios \u00e9 uma das metas estrat\u00e9gicas da plataforma Pacto Portugu\u00eas para os Pl\u00e1sticos para 2030, que foram ontem apresentadas. Em comunicado, a plataforma<\/p>\n","protected":false},"author":5,"featured_media":0,"comment_status":"open","ping_status":"","sticky":false,"template":"","format":"standard","meta":{"footnotes":""},"categories":[19],"tags":[],"class_list":["post-1194600","post","type-post","status-publish","format-standard","hentry","category-madeira-island-news","infinite-scroll-item","masonry-post","generate-columns","tablet-grid-50","mobile-grid-100","grid-parent","grid-33"],"_links":{"self":[{"href":"https:\/\/madeiraisland.news\/index.php?rest_route=\/wp\/v2\/posts\/1194600","targetHints":{"allow":["GET"]}}],"collection":[{"href":"https:\/\/madeiraisland.news\/index.php?rest_route=\/wp\/v2\/posts"}],"about":[{"href":"https:\/\/madeiraisland.news\/index.php?rest_route=\/wp\/v2\/types\/post"}],"author":[{"embeddable":true,"href":"https:\/\/madeiraisland.news\/index.php?rest_route=\/wp\/v2\/users\/5"}],"replies":[{"embeddable":true,"href":"https:\/\/madeiraisland.news\/index.php?rest_route=%2Fwp%2Fv2%2Fcomments&post=1194600"}],"version-history":[{"count":2,"href":"https:\/\/madeiraisland.news\/index.php?rest_route=\/wp\/v2\/posts\/1194600\/revisions"}],"predecessor-version":[{"id":1194602,"href":"https:\/\/madeiraisland.news\/index.php?rest_route=\/wp\/v2\/posts\/1194600\/revisions\/1194602"}],"wp:attachment":[{"href":"https:\/\/madeiraisland.news\/index.php?rest_route=%2Fwp%2Fv2%2Fmedia&parent=1194600"}],"wp:term":[{"taxonomy":"category","embeddable":true,"href":"https:\/\/madeiraisland.news\/index.php?rest_route=%2Fwp%2Fv2%2Fcategories&post=1194600"},{"taxonomy":"post_tag","embeddable":true,"href":"https:\/\/madeiraisland.news\/index.php?rest_route=%2Fwp%2Fv2%2Ftags&post=1194600"}],"curies":[{"name":"wp","href":"https:\/\/api.w.org\/{rel}","templated":true}]}}