{"id":1194590,"date":"2026-04-27T22:13:33","date_gmt":"2026-04-27T22:13:33","guid":{"rendered":"https:\/\/madeiraisland.news\/?p=1194590"},"modified":"2026-04-27T22:15:14","modified_gmt":"2026-04-27T22:15:14","slug":"policia-maritima-faz-3-detidos-apos-perseguicao-a-lancha-suspeita-de-narcotrafico-no-algarve","status":"publish","type":"post","link":"https:\/\/madeiraisland.news\/?p=1194590","title":{"rendered":"Pol\u00edcia Mar\u00edtima faz 3 detidos ap\u00f3s persegui\u00e7\u00e3o a lancha suspeita de narcotr\u00e1fico no Algarve"},"content":{"rendered":"<p>A Pol\u00edcia Mar\u00edtima deteve hoje tr\u00eas pessoas e intercetou e apreendeu uma embarca\u00e7\u00e3o de alta velocidade (EAV) ao largo do Algarve, suspeita de envolvimento no tr\u00e1fico de estupefacientes, ap\u00f3s realizar uma persegui\u00e7\u00e3o mar\u00edtima.<br \/>\nEsta for\u00e7a policial explicou, em comunicado, que realizou a opera\u00e7\u00e3o hoje de manh\u00e3 em articula\u00e7\u00e3o com a Marinha Portuguesa e a For\u00e7a A\u00e9rea Portuguesa, tendo procedido \u00e0 deten\u00e7\u00e3o de tr\u00eas pessoas de nacionalidade marroquina.<br \/>\nA opera\u00e7\u00e3o envolveu &#8220;uma persegui\u00e7\u00e3o mar\u00edtima com d<\/p>\n","protected":false},"excerpt":{"rendered":"<p>A Pol\u00edcia Mar\u00edtima deteve hoje tr\u00eas pessoas e intercetou e apreendeu uma embarca\u00e7\u00e3o de alta velocidade (EAV) ao largo do Algarve, suspeita de envolvimento no tr\u00e1fico de estupefacientes, ap\u00f3s realizar uma persegui\u00e7\u00e3o mar\u00edtima. Esta for\u00e7a<\/p>\n","protected":false},"author":5,"featured_media":0,"comment_status":"open","ping_status":"","sticky":false,"template":"","format":"standard","meta":{"footnotes":""},"categories":[19],"tags":[],"class_list":["post-1194590","post","type-post","status-publish","format-standard","hentry","category-madeira-island-news","infinite-scroll-item","masonry-post","generate-columns","tablet-grid-50","mobile-grid-100","grid-parent","grid-33"],"_links":{"self":[{"href":"https:\/\/madeiraisland.news\/index.php?rest_route=\/wp\/v2\/posts\/1194590","targetHints":{"allow":["GET"]}}],"collection":[{"href":"https:\/\/madeiraisland.news\/index.php?rest_route=\/wp\/v2\/posts"}],"about":[{"href":"https:\/\/madeiraisland.news\/index.php?rest_route=\/wp\/v2\/types\/post"}],"author":[{"embeddable":true,"href":"https:\/\/madeiraisland.news\/index.php?rest_route=\/wp\/v2\/users\/5"}],"replies":[{"embeddable":true,"href":"https:\/\/madeiraisland.news\/index.php?rest_route=%2Fwp%2Fv2%2Fcomments&post=1194590"}],"version-history":[{"count":2,"href":"https:\/\/madeiraisland.news\/index.php?rest_route=\/wp\/v2\/posts\/1194590\/revisions"}],"predecessor-version":[{"id":1194592,"href":"https:\/\/madeiraisland.news\/index.php?rest_route=\/wp\/v2\/posts\/1194590\/revisions\/1194592"}],"wp:attachment":[{"href":"https:\/\/madeiraisland.news\/index.php?rest_route=%2Fwp%2Fv2%2Fmedia&parent=1194590"}],"wp:term":[{"taxonomy":"category","embeddable":true,"href":"https:\/\/madeiraisland.news\/index.php?rest_route=%2Fwp%2Fv2%2Fcategories&post=1194590"},{"taxonomy":"post_tag","embeddable":true,"href":"https:\/\/madeiraisland.news\/index.php?rest_route=%2Fwp%2Fv2%2Ftags&post=1194590"}],"curies":[{"name":"wp","href":"https:\/\/api.w.org\/{rel}","templated":true}]}}