{"id":1194584,"date":"2026-04-27T20:39:12","date_gmt":"2026-04-27T20:39:12","guid":{"rendered":"https:\/\/madeiraisland.news\/?p=1194584"},"modified":"2026-04-27T21:07:57","modified_gmt":"2026-04-27T21:07:57","slug":"mano-a-mano-orquestra-jazz-funchal-em-concerto-no-dia-internacional-do-jazz-a-30-de-abril","status":"publish","type":"post","link":"https:\/\/madeiraisland.news\/?p=1194584","title":{"rendered":"Mano a Mano &amp; Orquestra Jazz Funchal em concerto no Dia Internacional do Jazz a 30 de abril"},"content":{"rendered":"<p>Esta forma\u00e7\u00e3o in\u00e9dita \u00e9 o ponto de partida para Uma Esp\u00e9cie de Pacto, o novo trabalho, em formato livro-disco, que junta os irm\u00e3os Andr\u00e9 e Bruno Santos (Mano a Mano) \u00e0 Orquestra de Jazz do Funchal (OJF). A parceria, que celebra dez anos do duo Mano a Mano, imortaliza o encontro que a cr\u00edtica (Jazzlogical) [\u2026]<\/p>\n","protected":false},"excerpt":{"rendered":"<p>Esta forma\u00e7\u00e3o in\u00e9dita \u00e9 o ponto de partida para Uma Esp\u00e9cie de Pacto, o novo trabalho, em formato livro-disco, que &#8230; <\/p>\n<p class=\"read-more-container\"><a title=\"Mano a Mano &amp; Orquestra Jazz Funchal em concerto no Dia Internacional do Jazz a 30 de abril\" class=\"read-more button\" href=\"https:\/\/madeiraisland.news\/?p=1194584#more-1194584\" aria-label=\"Read more about Mano a Mano &amp; Orquestra Jazz Funchal em concerto no Dia Internacional do Jazz a 30 de abril\">Read more<\/a><\/p>\n","protected":false},"author":259,"featured_media":0,"comment_status":"open","ping_status":"","sticky":false,"template":"","format":"standard","meta":{"footnotes":""},"categories":[19],"tags":[],"class_list":["post-1194584","post","type-post","status-publish","format-standard","hentry","category-madeira-island-news","infinite-scroll-item","masonry-post","generate-columns","tablet-grid-50","mobile-grid-100","grid-parent","grid-33"],"_links":{"self":[{"href":"https:\/\/madeiraisland.news\/index.php?rest_route=\/wp\/v2\/posts\/1194584","targetHints":{"allow":["GET"]}}],"collection":[{"href":"https:\/\/madeiraisland.news\/index.php?rest_route=\/wp\/v2\/posts"}],"about":[{"href":"https:\/\/madeiraisland.news\/index.php?rest_route=\/wp\/v2\/types\/post"}],"author":[{"embeddable":true,"href":"https:\/\/madeiraisland.news\/index.php?rest_route=\/wp\/v2\/users\/259"}],"replies":[{"embeddable":true,"href":"https:\/\/madeiraisland.news\/index.php?rest_route=%2Fwp%2Fv2%2Fcomments&post=1194584"}],"version-history":[{"count":1,"href":"https:\/\/madeiraisland.news\/index.php?rest_route=\/wp\/v2\/posts\/1194584\/revisions"}],"predecessor-version":[{"id":1194585,"href":"https:\/\/madeiraisland.news\/index.php?rest_route=\/wp\/v2\/posts\/1194584\/revisions\/1194585"}],"wp:attachment":[{"href":"https:\/\/madeiraisland.news\/index.php?rest_route=%2Fwp%2Fv2%2Fmedia&parent=1194584"}],"wp:term":[{"taxonomy":"category","embeddable":true,"href":"https:\/\/madeiraisland.news\/index.php?rest_route=%2Fwp%2Fv2%2Fcategories&post=1194584"},{"taxonomy":"post_tag","embeddable":true,"href":"https:\/\/madeiraisland.news\/index.php?rest_route=%2Fwp%2Fv2%2Ftags&post=1194584"}],"curies":[{"name":"wp","href":"https:\/\/api.w.org\/{rel}","templated":true}]}}