{"id":1194582,"date":"2026-04-27T20:42:16","date_gmt":"2026-04-27T20:42:16","guid":{"rendered":"https:\/\/madeiraisland.news\/?p=1194582"},"modified":"2026-04-27T21:07:57","modified_gmt":"2026-04-27T21:07:57","slug":"paula-margarido-amanha-no-dia-regional-da-seguranca-e-saude-no-trabalho","status":"publish","type":"post","link":"https:\/\/madeiraisland.news\/?p=1194582","title":{"rendered":"Paula Margarido amanh\u00e3 no Dia Regional da Seguran\u00e7a e Sa\u00fade no Trabalho"},"content":{"rendered":"<p>A Secret\u00e1ria Regional da Inclus\u00e3o, Trabalho e Juventude, Paula Margarido, preside \u00e0 sess\u00e3o comemorativa do\u00a0Dia Regional da Seguran\u00e7a e Sa\u00fade no Trabalho, que assinala simultaneamente o\u00a0Dia Nacional de Preven\u00e7\u00e3o e Seguran\u00e7a no Trabalho\u00a0e o\u00a0Dia Mundial da Seguran\u00e7a e Sa\u00fade no Trabalho, no pr\u00f3ximo dia\u00a028 de abril de 2026, pelas\u00a015h15, no Audit\u00f3rio do Centro de Estudos [\u2026]<\/p>\n","protected":false},"excerpt":{"rendered":"<p>A Secret\u00e1ria Regional da Inclus\u00e3o, Trabalho e Juventude, Paula Margarido, preside \u00e0 sess\u00e3o comemorativa do\u00a0Dia Regional da Seguran\u00e7a e Sa\u00fade &#8230; <\/p>\n<p class=\"read-more-container\"><a title=\"Paula Margarido amanh\u00e3 no Dia Regional da Seguran\u00e7a e Sa\u00fade no Trabalho\" class=\"read-more button\" href=\"https:\/\/madeiraisland.news\/?p=1194582#more-1194582\" aria-label=\"Read more about Paula Margarido amanh\u00e3 no Dia Regional da Seguran\u00e7a e Sa\u00fade no Trabalho\">Read more<\/a><\/p>\n","protected":false},"author":259,"featured_media":0,"comment_status":"open","ping_status":"","sticky":false,"template":"","format":"standard","meta":{"footnotes":""},"categories":[19],"tags":[],"class_list":["post-1194582","post","type-post","status-publish","format-standard","hentry","category-madeira-island-news","infinite-scroll-item","masonry-post","generate-columns","tablet-grid-50","mobile-grid-100","grid-parent","grid-33"],"_links":{"self":[{"href":"https:\/\/madeiraisland.news\/index.php?rest_route=\/wp\/v2\/posts\/1194582","targetHints":{"allow":["GET"]}}],"collection":[{"href":"https:\/\/madeiraisland.news\/index.php?rest_route=\/wp\/v2\/posts"}],"about":[{"href":"https:\/\/madeiraisland.news\/index.php?rest_route=\/wp\/v2\/types\/post"}],"author":[{"embeddable":true,"href":"https:\/\/madeiraisland.news\/index.php?rest_route=\/wp\/v2\/users\/259"}],"replies":[{"embeddable":true,"href":"https:\/\/madeiraisland.news\/index.php?rest_route=%2Fwp%2Fv2%2Fcomments&post=1194582"}],"version-history":[{"count":1,"href":"https:\/\/madeiraisland.news\/index.php?rest_route=\/wp\/v2\/posts\/1194582\/revisions"}],"predecessor-version":[{"id":1194583,"href":"https:\/\/madeiraisland.news\/index.php?rest_route=\/wp\/v2\/posts\/1194582\/revisions\/1194583"}],"wp:attachment":[{"href":"https:\/\/madeiraisland.news\/index.php?rest_route=%2Fwp%2Fv2%2Fmedia&parent=1194582"}],"wp:term":[{"taxonomy":"category","embeddable":true,"href":"https:\/\/madeiraisland.news\/index.php?rest_route=%2Fwp%2Fv2%2Fcategories&post=1194582"},{"taxonomy":"post_tag","embeddable":true,"href":"https:\/\/madeiraisland.news\/index.php?rest_route=%2Fwp%2Fv2%2Ftags&post=1194582"}],"curies":[{"name":"wp","href":"https:\/\/api.w.org\/{rel}","templated":true}]}}