{"id":1194580,"date":"2026-04-27T20:48:41","date_gmt":"2026-04-27T20:48:41","guid":{"rendered":"https:\/\/madeiraisland.news\/?p=1194580"},"modified":"2026-04-27T21:07:56","modified_gmt":"2026-04-27T21:07:56","slug":"edicao-de-2026-do-mercado-quinhentista-apresentada-a-5-de-maio","status":"publish","type":"post","link":"https:\/\/madeiraisland.news\/?p=1194580","title":{"rendered":"Edi\u00e7\u00e3o de 2026 do Mercado Quinhentista apresentada a 5 de maio"},"content":{"rendered":"<p>A Comiss\u00e3o Organizadora do Mercado Quinhentista de Machico apresenta no dia 5 de maio de 2026, pelas 16 horas e 30 minutos, a XIX\u00aa edi\u00e7\u00e3o do Mercado Quinhentista, que ter\u00e1 lugar na Igreja Matriz de Machico. A edi\u00e7\u00e3o deste ano do Mercado Quinhentista ter\u00e1 como tem\u00e1tica \u201cGentes do Povoamento\u201d\u00a0e\u00a0data marcada para os dias\u00a05,\u00a06\u00a0e 7\u00a0de junho\u00a0pr\u00f3ximo. [\u2026]<\/p>\n","protected":false},"excerpt":{"rendered":"<p>A Comiss\u00e3o Organizadora do Mercado Quinhentista de Machico apresenta no dia 5 de maio de 2026, pelas 16 horas e &#8230; <\/p>\n<p class=\"read-more-container\"><a title=\"Edi\u00e7\u00e3o de 2026 do Mercado Quinhentista apresentada a 5 de maio\" class=\"read-more button\" href=\"https:\/\/madeiraisland.news\/?p=1194580#more-1194580\" aria-label=\"Read more about Edi\u00e7\u00e3o de 2026 do Mercado Quinhentista apresentada a 5 de maio\">Read more<\/a><\/p>\n","protected":false},"author":259,"featured_media":0,"comment_status":"open","ping_status":"","sticky":false,"template":"","format":"standard","meta":{"footnotes":""},"categories":[19],"tags":[],"class_list":["post-1194580","post","type-post","status-publish","format-standard","hentry","category-madeira-island-news","infinite-scroll-item","masonry-post","generate-columns","tablet-grid-50","mobile-grid-100","grid-parent","grid-33"],"_links":{"self":[{"href":"https:\/\/madeiraisland.news\/index.php?rest_route=\/wp\/v2\/posts\/1194580","targetHints":{"allow":["GET"]}}],"collection":[{"href":"https:\/\/madeiraisland.news\/index.php?rest_route=\/wp\/v2\/posts"}],"about":[{"href":"https:\/\/madeiraisland.news\/index.php?rest_route=\/wp\/v2\/types\/post"}],"author":[{"embeddable":true,"href":"https:\/\/madeiraisland.news\/index.php?rest_route=\/wp\/v2\/users\/259"}],"replies":[{"embeddable":true,"href":"https:\/\/madeiraisland.news\/index.php?rest_route=%2Fwp%2Fv2%2Fcomments&post=1194580"}],"version-history":[{"count":1,"href":"https:\/\/madeiraisland.news\/index.php?rest_route=\/wp\/v2\/posts\/1194580\/revisions"}],"predecessor-version":[{"id":1194581,"href":"https:\/\/madeiraisland.news\/index.php?rest_route=\/wp\/v2\/posts\/1194580\/revisions\/1194581"}],"wp:attachment":[{"href":"https:\/\/madeiraisland.news\/index.php?rest_route=%2Fwp%2Fv2%2Fmedia&parent=1194580"}],"wp:term":[{"taxonomy":"category","embeddable":true,"href":"https:\/\/madeiraisland.news\/index.php?rest_route=%2Fwp%2Fv2%2Fcategories&post=1194580"},{"taxonomy":"post_tag","embeddable":true,"href":"https:\/\/madeiraisland.news\/index.php?rest_route=%2Fwp%2Fv2%2Ftags&post=1194580"}],"curies":[{"name":"wp","href":"https:\/\/api.w.org\/{rel}","templated":true}]}}