{"id":1194578,"date":"2026-04-27T20:52:31","date_gmt":"2026-04-27T20:52:31","guid":{"rendered":"https:\/\/madeiraisland.news\/?p=1194578"},"modified":"2026-04-27T21:07:56","modified_gmt":"2026-04-27T21:07:56","slug":"festa-da-vera-cruz-na-quinta-grande-a-3-de-maio","status":"publish","type":"post","link":"https:\/\/madeiraisland.news\/?p=1194578","title":{"rendered":"Festa da Vera Cruz na Quinta Grande a 3 de maio"},"content":{"rendered":"<p>S\u00edlvio Mendes No primeiro domingo de maio, dia 3, vai ser celebrada a festa da Vera Cruz na capela com aquela invoca\u00e7\u00e3o existente na freguesia da Quinta Grande. A Eucaristia principiar\u00e1 pelas 18 horas e a missa da vig\u00edlia come\u00e7ar\u00e1 \u00e0s 20h30 do pr\u00f3ximo s\u00e1bado. Vera Cruz \u00e9 a denomina\u00e7\u00e3o dada \u00e0s rel\u00edquias provenientes, segundo [\u2026]<\/p>\n","protected":false},"excerpt":{"rendered":"<p>S\u00edlvio Mendes No primeiro domingo de maio, dia 3, vai ser celebrada a festa da Vera Cruz na capela com &#8230; <\/p>\n<p class=\"read-more-container\"><a title=\"Festa da Vera Cruz na Quinta Grande a 3 de maio\" class=\"read-more button\" href=\"https:\/\/madeiraisland.news\/?p=1194578#more-1194578\" aria-label=\"Read more about Festa da Vera Cruz na Quinta Grande a 3 de maio\">Read more<\/a><\/p>\n","protected":false},"author":260,"featured_media":0,"comment_status":"open","ping_status":"","sticky":false,"template":"","format":"standard","meta":{"footnotes":""},"categories":[19],"tags":[],"class_list":["post-1194578","post","type-post","status-publish","format-standard","hentry","category-madeira-island-news","infinite-scroll-item","masonry-post","generate-columns","tablet-grid-50","mobile-grid-100","grid-parent","grid-33"],"_links":{"self":[{"href":"https:\/\/madeiraisland.news\/index.php?rest_route=\/wp\/v2\/posts\/1194578","targetHints":{"allow":["GET"]}}],"collection":[{"href":"https:\/\/madeiraisland.news\/index.php?rest_route=\/wp\/v2\/posts"}],"about":[{"href":"https:\/\/madeiraisland.news\/index.php?rest_route=\/wp\/v2\/types\/post"}],"author":[{"embeddable":true,"href":"https:\/\/madeiraisland.news\/index.php?rest_route=\/wp\/v2\/users\/260"}],"replies":[{"embeddable":true,"href":"https:\/\/madeiraisland.news\/index.php?rest_route=%2Fwp%2Fv2%2Fcomments&post=1194578"}],"version-history":[{"count":1,"href":"https:\/\/madeiraisland.news\/index.php?rest_route=\/wp\/v2\/posts\/1194578\/revisions"}],"predecessor-version":[{"id":1194579,"href":"https:\/\/madeiraisland.news\/index.php?rest_route=\/wp\/v2\/posts\/1194578\/revisions\/1194579"}],"wp:attachment":[{"href":"https:\/\/madeiraisland.news\/index.php?rest_route=%2Fwp%2Fv2%2Fmedia&parent=1194578"}],"wp:term":[{"taxonomy":"category","embeddable":true,"href":"https:\/\/madeiraisland.news\/index.php?rest_route=%2Fwp%2Fv2%2Fcategories&post=1194578"},{"taxonomy":"post_tag","embeddable":true,"href":"https:\/\/madeiraisland.news\/index.php?rest_route=%2Fwp%2Fv2%2Ftags&post=1194578"}],"curies":[{"name":"wp","href":"https:\/\/api.w.org\/{rel}","templated":true}]}}