{"id":1194568,"date":"2026-04-27T20:12:08","date_gmt":"2026-04-27T20:12:08","guid":{"rendered":"https:\/\/madeiraisland.news\/?p=1194568"},"modified":"2026-04-27T20:19:16","modified_gmt":"2026-04-27T20:19:16","slug":"ps-congratula-maritimo-pelo-regresso-a-i-liga-de-futebol","status":"publish","type":"post","link":"https:\/\/madeiraisland.news\/?p=1194568","title":{"rendered":"PS congratula Mar\u00edtimo pelo regresso \u00e0 I Liga de Futebol"},"content":{"rendered":"<p>O Grupo Parlamentar do Partido Socialista deu hoje entrada, na Assembleia Legislativa da Regi\u00e3o Aut\u00f3noma da Madeira, de um voto de congratula\u00e7\u00e3o pelo regresso do Club Sport Mar\u00edtimo \u00e0 I Liga do futebol portugu\u00eas. O feito, alcan\u00e7ado este fim de semana, constitui, no entender do l\u00edder parlamentar socialista, \u201cuma conquista de enorme\u00a0significado desportivo, social e [\u2026]<\/p>\n","protected":false},"excerpt":{"rendered":"<p>O Grupo Parlamentar do Partido Socialista deu hoje entrada, na Assembleia Legislativa da Regi\u00e3o Aut\u00f3noma da Madeira, de um voto &#8230; <\/p>\n<p class=\"read-more-container\"><a title=\"PS congratula Mar\u00edtimo pelo regresso \u00e0 I Liga de Futebol\" class=\"read-more button\" href=\"https:\/\/madeiraisland.news\/?p=1194568#more-1194568\" aria-label=\"Read more about PS congratula Mar\u00edtimo pelo regresso \u00e0 I Liga de Futebol\">Read more<\/a><\/p>\n","protected":false},"author":259,"featured_media":0,"comment_status":"open","ping_status":"","sticky":false,"template":"","format":"standard","meta":{"footnotes":""},"categories":[19],"tags":[],"class_list":["post-1194568","post","type-post","status-publish","format-standard","hentry","category-madeira-island-news","infinite-scroll-item","masonry-post","generate-columns","tablet-grid-50","mobile-grid-100","grid-parent","grid-33"],"_links":{"self":[{"href":"https:\/\/madeiraisland.news\/index.php?rest_route=\/wp\/v2\/posts\/1194568","targetHints":{"allow":["GET"]}}],"collection":[{"href":"https:\/\/madeiraisland.news\/index.php?rest_route=\/wp\/v2\/posts"}],"about":[{"href":"https:\/\/madeiraisland.news\/index.php?rest_route=\/wp\/v2\/types\/post"}],"author":[{"embeddable":true,"href":"https:\/\/madeiraisland.news\/index.php?rest_route=\/wp\/v2\/users\/259"}],"replies":[{"embeddable":true,"href":"https:\/\/madeiraisland.news\/index.php?rest_route=%2Fwp%2Fv2%2Fcomments&post=1194568"}],"version-history":[{"count":1,"href":"https:\/\/madeiraisland.news\/index.php?rest_route=\/wp\/v2\/posts\/1194568\/revisions"}],"predecessor-version":[{"id":1194569,"href":"https:\/\/madeiraisland.news\/index.php?rest_route=\/wp\/v2\/posts\/1194568\/revisions\/1194569"}],"wp:attachment":[{"href":"https:\/\/madeiraisland.news\/index.php?rest_route=%2Fwp%2Fv2%2Fmedia&parent=1194568"}],"wp:term":[{"taxonomy":"category","embeddable":true,"href":"https:\/\/madeiraisland.news\/index.php?rest_route=%2Fwp%2Fv2%2Fcategories&post=1194568"},{"taxonomy":"post_tag","embeddable":true,"href":"https:\/\/madeiraisland.news\/index.php?rest_route=%2Fwp%2Fv2%2Ftags&post=1194568"}],"curies":[{"name":"wp","href":"https:\/\/api.w.org\/{rel}","templated":true}]}}