{"id":1194566,"date":"2026-04-27T20:14:53","date_gmt":"2026-04-27T20:14:53","guid":{"rendered":"https:\/\/madeiraisland.news\/?p=1194566"},"modified":"2026-04-27T20:19:16","modified_gmt":"2026-04-27T20:19:16","slug":"laboratorio-de-seguranca-alimentar-reforca-acreditacao","status":"publish","type":"post","link":"https:\/\/madeiraisland.news\/?p=1194566","title":{"rendered":"Laborat\u00f3rio de Seguran\u00e7a Alimentar refor\u00e7a acredita\u00e7\u00e3o"},"content":{"rendered":"<p>O Laborat\u00f3rio Regional de Veterin\u00e1ria e Seguran\u00e7a Alimentar viu renovada a sua acredita\u00e7\u00e3o, na sequ\u00eancia da mais recente avalia\u00e7\u00e3o conduzida pelo Instituo Portugu\u00eas de Acredita\u00e7\u00e3o \u2013 IPAC. Al\u00e9m desta renova\u00e7\u00e3o foi tamb\u00e9m aprovada a extens\u00e3o a oito novos ensaios de res\u00edduos de pesticidas elevando para 696 o n\u00famero total de ensaios acreditados. Este resultado reflete [\u2026]<\/p>\n","protected":false},"excerpt":{"rendered":"<p>O Laborat\u00f3rio Regional de Veterin\u00e1ria e Seguran\u00e7a Alimentar viu renovada a sua acredita\u00e7\u00e3o, na sequ\u00eancia da mais recente avalia\u00e7\u00e3o conduzida &#8230; <\/p>\n<p class=\"read-more-container\"><a title=\"Laborat\u00f3rio de Seguran\u00e7a Alimentar refor\u00e7a acredita\u00e7\u00e3o\" class=\"read-more button\" href=\"https:\/\/madeiraisland.news\/?p=1194566#more-1194566\" aria-label=\"Read more about Laborat\u00f3rio de Seguran\u00e7a Alimentar refor\u00e7a acredita\u00e7\u00e3o\">Read more<\/a><\/p>\n","protected":false},"author":259,"featured_media":0,"comment_status":"open","ping_status":"","sticky":false,"template":"","format":"standard","meta":{"footnotes":""},"categories":[19],"tags":[],"class_list":["post-1194566","post","type-post","status-publish","format-standard","hentry","category-madeira-island-news","infinite-scroll-item","masonry-post","generate-columns","tablet-grid-50","mobile-grid-100","grid-parent","grid-33"],"_links":{"self":[{"href":"https:\/\/madeiraisland.news\/index.php?rest_route=\/wp\/v2\/posts\/1194566","targetHints":{"allow":["GET"]}}],"collection":[{"href":"https:\/\/madeiraisland.news\/index.php?rest_route=\/wp\/v2\/posts"}],"about":[{"href":"https:\/\/madeiraisland.news\/index.php?rest_route=\/wp\/v2\/types\/post"}],"author":[{"embeddable":true,"href":"https:\/\/madeiraisland.news\/index.php?rest_route=\/wp\/v2\/users\/259"}],"replies":[{"embeddable":true,"href":"https:\/\/madeiraisland.news\/index.php?rest_route=%2Fwp%2Fv2%2Fcomments&post=1194566"}],"version-history":[{"count":1,"href":"https:\/\/madeiraisland.news\/index.php?rest_route=\/wp\/v2\/posts\/1194566\/revisions"}],"predecessor-version":[{"id":1194567,"href":"https:\/\/madeiraisland.news\/index.php?rest_route=\/wp\/v2\/posts\/1194566\/revisions\/1194567"}],"wp:attachment":[{"href":"https:\/\/madeiraisland.news\/index.php?rest_route=%2Fwp%2Fv2%2Fmedia&parent=1194566"}],"wp:term":[{"taxonomy":"category","embeddable":true,"href":"https:\/\/madeiraisland.news\/index.php?rest_route=%2Fwp%2Fv2%2Fcategories&post=1194566"},{"taxonomy":"post_tag","embeddable":true,"href":"https:\/\/madeiraisland.news\/index.php?rest_route=%2Fwp%2Fv2%2Ftags&post=1194566"}],"curies":[{"name":"wp","href":"https:\/\/api.w.org\/{rel}","templated":true}]}}