{"id":1194560,"date":"2026-04-27T19:35:34","date_gmt":"2026-04-27T19:35:34","guid":{"rendered":"https:\/\/madeiraisland.news\/?p=1194560"},"modified":"2026-04-27T19:42:53","modified_gmt":"2026-04-27T19:42:53","slug":"financas-alteram-modelo-de-impressao-e-comunicacoes-com-contribuintes","status":"publish","type":"post","link":"https:\/\/madeiraisland.news\/?p=1194560","title":{"rendered":"Finan\u00e7as alteram modelo de impress\u00e3o e comunica\u00e7\u00f5es com contribuintes"},"content":{"rendered":"<p>A Autoridade Tribut\u00e1ria e Aduaneira (AT) anunciou hoje que ir\u00e1 adotar um novo modelo de impress\u00e3o e expedi\u00e7\u00e3o de comunica\u00e7\u00f5es, deixando de enviar cartas-envelope, segundo uma nota divulgada pela entidade.<br \/>\nAssim, as comunica\u00e7\u00f5es enviadas pela AT, no \u00e2mbito do processo de moderniza\u00e7\u00e3o dos seus servi\u00e7os, ir\u00e3o &#8220;adotar um novo modelo de impress\u00e3o e expedi\u00e7\u00e3o de comunica\u00e7\u00f5es&#8221;, deixando de ser enviadas comunica\u00e7\u00f5es em carta-envelope.<br \/>\nEste novo formato ser\u00e1 j\u00e1 utilizado nas notas de cobran\u00e7a do &#8220;Imposto<\/p>\n","protected":false},"excerpt":{"rendered":"<p>A Autoridade Tribut\u00e1ria e Aduaneira (AT) anunciou hoje que ir\u00e1 adotar um novo modelo de impress\u00e3o e expedi\u00e7\u00e3o de comunica\u00e7\u00f5es, deixando de enviar cartas-envelope, segundo uma nota divulgada pela entidade. Assim, as comunica\u00e7\u00f5es enviadas pela<\/p>\n","protected":false},"author":5,"featured_media":0,"comment_status":"open","ping_status":"","sticky":false,"template":"","format":"standard","meta":{"footnotes":""},"categories":[19],"tags":[],"class_list":["post-1194560","post","type-post","status-publish","format-standard","hentry","category-madeira-island-news","infinite-scroll-item","masonry-post","generate-columns","tablet-grid-50","mobile-grid-100","grid-parent","grid-33"],"_links":{"self":[{"href":"https:\/\/madeiraisland.news\/index.php?rest_route=\/wp\/v2\/posts\/1194560","targetHints":{"allow":["GET"]}}],"collection":[{"href":"https:\/\/madeiraisland.news\/index.php?rest_route=\/wp\/v2\/posts"}],"about":[{"href":"https:\/\/madeiraisland.news\/index.php?rest_route=\/wp\/v2\/types\/post"}],"author":[{"embeddable":true,"href":"https:\/\/madeiraisland.news\/index.php?rest_route=\/wp\/v2\/users\/5"}],"replies":[{"embeddable":true,"href":"https:\/\/madeiraisland.news\/index.php?rest_route=%2Fwp%2Fv2%2Fcomments&post=1194560"}],"version-history":[{"count":2,"href":"https:\/\/madeiraisland.news\/index.php?rest_route=\/wp\/v2\/posts\/1194560\/revisions"}],"predecessor-version":[{"id":1194562,"href":"https:\/\/madeiraisland.news\/index.php?rest_route=\/wp\/v2\/posts\/1194560\/revisions\/1194562"}],"wp:attachment":[{"href":"https:\/\/madeiraisland.news\/index.php?rest_route=%2Fwp%2Fv2%2Fmedia&parent=1194560"}],"wp:term":[{"taxonomy":"category","embeddable":true,"href":"https:\/\/madeiraisland.news\/index.php?rest_route=%2Fwp%2Fv2%2Fcategories&post=1194560"},{"taxonomy":"post_tag","embeddable":true,"href":"https:\/\/madeiraisland.news\/index.php?rest_route=%2Fwp%2Fv2%2Ftags&post=1194560"}],"curies":[{"name":"wp","href":"https:\/\/api.w.org\/{rel}","templated":true}]}}