{"id":1194554,"date":"2026-04-27T14:06:42","date_gmt":"2026-04-27T14:06:42","guid":{"rendered":"https:\/\/madeiraisland.news\/?p=1194554"},"modified":"2026-04-27T14:20:38","modified_gmt":"2026-04-27T14:20:38","slug":"mosquito-transmissor-de-dengue-alarga-presenca-a-28-concelhos-do-pais-em-2025","status":"publish","type":"post","link":"https:\/\/madeiraisland.news\/?p=1194554","title":{"rendered":"Mosquito transmissor de dengue alarga presen\u00e7a a 28 concelhos do pa\u00eds em 2025"},"content":{"rendered":"<p>O mosquito transmissor de doen\u00e7as como dengue e febre-amarela foi detetado em 2025 em Lisboa, Oeiras, Almada e Sesimbra, elevando para 28 o n\u00famero de concelhos onde foi identificado, mais 10 do que em 2024, segundo dados do Insa.<br \/>\nOs dados constam do Relat\u00f3rio REVIVE &#8212; Rede de Vigil\u00e2ncia de Vetores, elaborado pelo Instituto Nacional de Sa\u00fade Doutor Ricardo Jorge (Insa), atrav\u00e9s do Centro de Estudos de Vetores e Doen\u00e7as Infecciosas.<br \/>\nEm 2025, participaram na vigil\u00e2ncia REVIVE as cinco regi\u00f5es de s<\/p>\n","protected":false},"excerpt":{"rendered":"<p>O mosquito transmissor de doen\u00e7as como dengue e febre-amarela foi detetado em 2025 em Lisboa, Oeiras, Almada e Sesimbra, elevando para 28 o n\u00famero de concelhos onde foi identificado, mais 10 do que em 2024,<\/p>\n","protected":false},"author":5,"featured_media":0,"comment_status":"open","ping_status":"","sticky":false,"template":"","format":"standard","meta":{"footnotes":""},"categories":[19],"tags":[],"class_list":["post-1194554","post","type-post","status-publish","format-standard","hentry","category-madeira-island-news","infinite-scroll-item","masonry-post","generate-columns","tablet-grid-50","mobile-grid-100","grid-parent","grid-33"],"_links":{"self":[{"href":"https:\/\/madeiraisland.news\/index.php?rest_route=\/wp\/v2\/posts\/1194554","targetHints":{"allow":["GET"]}}],"collection":[{"href":"https:\/\/madeiraisland.news\/index.php?rest_route=\/wp\/v2\/posts"}],"about":[{"href":"https:\/\/madeiraisland.news\/index.php?rest_route=\/wp\/v2\/types\/post"}],"author":[{"embeddable":true,"href":"https:\/\/madeiraisland.news\/index.php?rest_route=\/wp\/v2\/users\/5"}],"replies":[{"embeddable":true,"href":"https:\/\/madeiraisland.news\/index.php?rest_route=%2Fwp%2Fv2%2Fcomments&post=1194554"}],"version-history":[{"count":2,"href":"https:\/\/madeiraisland.news\/index.php?rest_route=\/wp\/v2\/posts\/1194554\/revisions"}],"predecessor-version":[{"id":1194556,"href":"https:\/\/madeiraisland.news\/index.php?rest_route=\/wp\/v2\/posts\/1194554\/revisions\/1194556"}],"wp:attachment":[{"href":"https:\/\/madeiraisland.news\/index.php?rest_route=%2Fwp%2Fv2%2Fmedia&parent=1194554"}],"wp:term":[{"taxonomy":"category","embeddable":true,"href":"https:\/\/madeiraisland.news\/index.php?rest_route=%2Fwp%2Fv2%2Fcategories&post=1194554"},{"taxonomy":"post_tag","embeddable":true,"href":"https:\/\/madeiraisland.news\/index.php?rest_route=%2Fwp%2Fv2%2Ftags&post=1194554"}],"curies":[{"name":"wp","href":"https:\/\/api.w.org\/{rel}","templated":true}]}}