{"id":1194552,"date":"2026-04-27T14:01:52","date_gmt":"2026-04-27T14:01:52","guid":{"rendered":"https:\/\/madeiraisland.news\/?p=1194552"},"modified":"2026-04-27T14:04:40","modified_gmt":"2026-04-27T14:04:40","slug":"bombeiros-accionados-para-curto-circuito-em-termoacumulador","status":"publish","type":"post","link":"https:\/\/madeiraisland.news\/?p=1194552","title":{"rendered":"Bombeiros accionados para curto-circuito em termoacumulador"},"content":{"rendered":"<p>Ontem \u00e0 noite os Bombeiros Volunt\u00e1rios Madeirenses foram accionado at\u00e9 \u00e0 Vereda da Cidade dos Santos, na freguesia do Imaculado Cora\u00e7\u00e3o de Maria, no Funchal, para um curto-circuito em um termoacumulador.\u00a0<br \/>\nA corpora\u00e7\u00e3o mobilizou de imediato, pelas 20h45, um ve\u00edculo ligeiro de combate a inc\u00eandios e tr\u00eas elementos para o local.\u00a0<br \/>\nO foco de inc\u00eandio foi extinto pelo propriet\u00e1rio da habita\u00e7\u00e3o, tendo os elementos da corpora\u00e7\u00e3o ventilado o espa\u00e7o.\u00a0<br \/>\nN\u00e3o h\u00e1 registo de feridos.\u00a0<\/p>\n","protected":false},"excerpt":{"rendered":"<p>Ontem \u00e0 noite os Bombeiros Volunt\u00e1rios Madeirenses foram accionado at\u00e9 \u00e0 Vereda da Cidade dos Santos, na freguesia do Imaculado &#8230; <\/p>\n<p class=\"read-more-container\"><a title=\"Bombeiros accionados para curto-circuito em termoacumulador\" class=\"read-more button\" href=\"https:\/\/madeiraisland.news\/?p=1194552#more-1194552\" aria-label=\"Read more about Bombeiros accionados para curto-circuito em termoacumulador\">Read more<\/a><\/p>\n","protected":false},"author":20,"featured_media":0,"comment_status":"open","ping_status":"","sticky":false,"template":"","format":"standard","meta":{"footnotes":""},"categories":[19],"tags":[],"class_list":["post-1194552","post","type-post","status-publish","format-standard","hentry","category-madeira-island-news","infinite-scroll-item","masonry-post","generate-columns","tablet-grid-50","mobile-grid-100","grid-parent","grid-33"],"_links":{"self":[{"href":"https:\/\/madeiraisland.news\/index.php?rest_route=\/wp\/v2\/posts\/1194552","targetHints":{"allow":["GET"]}}],"collection":[{"href":"https:\/\/madeiraisland.news\/index.php?rest_route=\/wp\/v2\/posts"}],"about":[{"href":"https:\/\/madeiraisland.news\/index.php?rest_route=\/wp\/v2\/types\/post"}],"author":[{"embeddable":true,"href":"https:\/\/madeiraisland.news\/index.php?rest_route=\/wp\/v2\/users\/20"}],"replies":[{"embeddable":true,"href":"https:\/\/madeiraisland.news\/index.php?rest_route=%2Fwp%2Fv2%2Fcomments&post=1194552"}],"version-history":[{"count":1,"href":"https:\/\/madeiraisland.news\/index.php?rest_route=\/wp\/v2\/posts\/1194552\/revisions"}],"predecessor-version":[{"id":1194553,"href":"https:\/\/madeiraisland.news\/index.php?rest_route=\/wp\/v2\/posts\/1194552\/revisions\/1194553"}],"wp:attachment":[{"href":"https:\/\/madeiraisland.news\/index.php?rest_route=%2Fwp%2Fv2%2Fmedia&parent=1194552"}],"wp:term":[{"taxonomy":"category","embeddable":true,"href":"https:\/\/madeiraisland.news\/index.php?rest_route=%2Fwp%2Fv2%2Fcategories&post=1194552"},{"taxonomy":"post_tag","embeddable":true,"href":"https:\/\/madeiraisland.news\/index.php?rest_route=%2Fwp%2Fv2%2Ftags&post=1194552"}],"curies":[{"name":"wp","href":"https:\/\/api.w.org\/{rel}","templated":true}]}}