{"id":1194550,"date":"2026-04-27T12:31:04","date_gmt":"2026-04-27T12:31:04","guid":{"rendered":"https:\/\/madeiraisland.news\/?p=1194550"},"modified":"2026-04-27T12:34:36","modified_gmt":"2026-04-27T12:34:36","slug":"liceu-inaugura-semana-dos-clubes-com-uma-demonstracao-rica-de-talentos","status":"publish","type":"post","link":"https:\/\/madeiraisland.news\/?p=1194550","title":{"rendered":"Liceu inaugura Semana dos Clubes com uma demonstra\u00e7\u00e3o rica de talentos"},"content":{"rendered":"<p>J\u00e1 l\u00e1 v\u00e3o 27 anos que a Escola Secund\u00e1ria Jaime Moniz promove uma verdadeira festa das atividades extracurriculares como motor do desenvolvimento das capacidades art\u00edsticas dos alunos que, atrav\u00e9s de Clubes, Grupos e Projetos, expressam os seus mais diversificados talentos. Este ano, a XXVII edi\u00e7\u00e3o da Semana dos Clubes, Grupos e Projeto, de 27 a [\u2026]<\/p>\n","protected":false},"excerpt":{"rendered":"<p>J\u00e1 l\u00e1 v\u00e3o 27 anos que a Escola Secund\u00e1ria Jaime Moniz promove uma verdadeira festa das atividades extracurriculares como motor &#8230; <\/p>\n<p class=\"read-more-container\"><a title=\"Liceu inaugura Semana dos Clubes com uma demonstra\u00e7\u00e3o rica de talentos\" class=\"read-more button\" href=\"https:\/\/madeiraisland.news\/?p=1194550#more-1194550\" aria-label=\"Read more about Liceu inaugura Semana dos Clubes com uma demonstra\u00e7\u00e3o rica de talentos\">Read more<\/a><\/p>\n","protected":false},"author":282,"featured_media":0,"comment_status":"open","ping_status":"","sticky":false,"template":"","format":"standard","meta":{"footnotes":""},"categories":[19],"tags":[],"class_list":["post-1194550","post","type-post","status-publish","format-standard","hentry","category-madeira-island-news","infinite-scroll-item","masonry-post","generate-columns","tablet-grid-50","mobile-grid-100","grid-parent","grid-33"],"_links":{"self":[{"href":"https:\/\/madeiraisland.news\/index.php?rest_route=\/wp\/v2\/posts\/1194550","targetHints":{"allow":["GET"]}}],"collection":[{"href":"https:\/\/madeiraisland.news\/index.php?rest_route=\/wp\/v2\/posts"}],"about":[{"href":"https:\/\/madeiraisland.news\/index.php?rest_route=\/wp\/v2\/types\/post"}],"author":[{"embeddable":true,"href":"https:\/\/madeiraisland.news\/index.php?rest_route=\/wp\/v2\/users\/282"}],"replies":[{"embeddable":true,"href":"https:\/\/madeiraisland.news\/index.php?rest_route=%2Fwp%2Fv2%2Fcomments&post=1194550"}],"version-history":[{"count":1,"href":"https:\/\/madeiraisland.news\/index.php?rest_route=\/wp\/v2\/posts\/1194550\/revisions"}],"predecessor-version":[{"id":1194551,"href":"https:\/\/madeiraisland.news\/index.php?rest_route=\/wp\/v2\/posts\/1194550\/revisions\/1194551"}],"wp:attachment":[{"href":"https:\/\/madeiraisland.news\/index.php?rest_route=%2Fwp%2Fv2%2Fmedia&parent=1194550"}],"wp:term":[{"taxonomy":"category","embeddable":true,"href":"https:\/\/madeiraisland.news\/index.php?rest_route=%2Fwp%2Fv2%2Fcategories&post=1194550"},{"taxonomy":"post_tag","embeddable":true,"href":"https:\/\/madeiraisland.news\/index.php?rest_route=%2Fwp%2Fv2%2Ftags&post=1194550"}],"curies":[{"name":"wp","href":"https:\/\/api.w.org\/{rel}","templated":true}]}}