{"id":1194547,"date":"2026-04-27T11:31:18","date_gmt":"2026-04-27T11:31:18","guid":{"rendered":"https:\/\/madeiraisland.news\/?p=1194547"},"modified":"2026-04-27T11:46:38","modified_gmt":"2026-04-27T11:46:38","slug":"tribunal-manda-julgar-policias-acusados-de-tortura-e-violacao-em-esquadra-de-lisboa","status":"publish","type":"post","link":"https:\/\/madeiraisland.news\/?p=1194547","title":{"rendered":"Tribunal manda julgar pol\u00edcias acusados de tortura e viola\u00e7\u00e3o em esquadra de Lisboa"},"content":{"rendered":"<p>O Tribunal Central de Instru\u00e7\u00e3o Criminal mandou hoje para julgamento os dois agentes da PSP acusados em janeiro pelo Minist\u00e9rio P\u00fablico de crimes de tortura e viola\u00e7\u00e3o contra detidos na esquadra do Rato, em Lisboa.<br \/>\nNa leitura da decis\u00e3o instrut\u00f3ria, a ju\u00edza considerou que a acusa\u00e7\u00e3o tem &#8220;ind\u00edcios suficientes&#8221; de que os pol\u00edcias cometeram os crimes de que est\u00e3o acusados pelo Minist\u00e9rio P\u00fablico e que existe uma &#8220;s\u00e9ria probabilidade&#8221; de serem condenados no final do julgamento.<br \/>\nO principal arguido, <\/p>\n","protected":false},"excerpt":{"rendered":"<p>O Tribunal Central de Instru\u00e7\u00e3o Criminal mandou hoje para julgamento os dois agentes da PSP acusados em janeiro pelo Minist\u00e9rio P\u00fablico de crimes de tortura e viola\u00e7\u00e3o contra detidos na esquadra do Rato, em Lisboa.<\/p>\n","protected":false},"author":5,"featured_media":0,"comment_status":"open","ping_status":"","sticky":false,"template":"","format":"standard","meta":{"footnotes":""},"categories":[19],"tags":[],"class_list":["post-1194547","post","type-post","status-publish","format-standard","hentry","category-madeira-island-news","infinite-scroll-item","masonry-post","generate-columns","tablet-grid-50","mobile-grid-100","grid-parent","grid-33"],"_links":{"self":[{"href":"https:\/\/madeiraisland.news\/index.php?rest_route=\/wp\/v2\/posts\/1194547","targetHints":{"allow":["GET"]}}],"collection":[{"href":"https:\/\/madeiraisland.news\/index.php?rest_route=\/wp\/v2\/posts"}],"about":[{"href":"https:\/\/madeiraisland.news\/index.php?rest_route=\/wp\/v2\/types\/post"}],"author":[{"embeddable":true,"href":"https:\/\/madeiraisland.news\/index.php?rest_route=\/wp\/v2\/users\/5"}],"replies":[{"embeddable":true,"href":"https:\/\/madeiraisland.news\/index.php?rest_route=%2Fwp%2Fv2%2Fcomments&post=1194547"}],"version-history":[{"count":2,"href":"https:\/\/madeiraisland.news\/index.php?rest_route=\/wp\/v2\/posts\/1194547\/revisions"}],"predecessor-version":[{"id":1194549,"href":"https:\/\/madeiraisland.news\/index.php?rest_route=\/wp\/v2\/posts\/1194547\/revisions\/1194549"}],"wp:attachment":[{"href":"https:\/\/madeiraisland.news\/index.php?rest_route=%2Fwp%2Fv2%2Fmedia&parent=1194547"}],"wp:term":[{"taxonomy":"category","embeddable":true,"href":"https:\/\/madeiraisland.news\/index.php?rest_route=%2Fwp%2Fv2%2Fcategories&post=1194547"},{"taxonomy":"post_tag","embeddable":true,"href":"https:\/\/madeiraisland.news\/index.php?rest_route=%2Fwp%2Fv2%2Ftags&post=1194547"}],"curies":[{"name":"wp","href":"https:\/\/api.w.org\/{rel}","templated":true}]}}