{"id":1194542,"date":"2026-04-27T09:16:00","date_gmt":"2026-04-27T09:16:00","guid":{"rendered":"https:\/\/madeiraisland.news\/?p=1194542"},"modified":"2026-04-27T09:25:17","modified_gmt":"2026-04-27T09:25:17","slug":"hoje-ha-no-arquivo-conversas-a-volta-da-emigracao-madeirense","status":"publish","type":"post","link":"https:\/\/madeiraisland.news\/?p=1194542","title":{"rendered":"Hoje h\u00e1 no Arquivo \u201cConversas \u00e0 Volta da Emigra\u00e7\u00e3o madeirense\u201d"},"content":{"rendered":"<p>O Festival do Livro e da Leitura (Falemos) prossegue hoje, 2.\u00aa feira, dia 27 de abril, pelas 18h30, com \u201cConversas \u00e0 Volta da Emigra\u00e7\u00e3o madeirense\u201d, no Audit\u00f3rio do Arquivo Regional. Esta atividade prop\u00f5e-se explorar a emigra\u00e7\u00e3o madeirense numa perspetiva hist\u00f3rica e cultural, promovendo o conhecimento sobre os seus principais momentos, destinos e impactos, bem como [\u2026]<\/p>\n","protected":false},"excerpt":{"rendered":"<p>O Festival do Livro e da Leitura (Falemos) prossegue hoje, 2.\u00aa feira, dia 27 de abril, pelas 18h30, com \u201cConversas &#8230; <\/p>\n<p class=\"read-more-container\"><a title=\"Hoje h\u00e1 no Arquivo \u201cConversas \u00e0 Volta da Emigra\u00e7\u00e3o madeirense\u201d\" class=\"read-more button\" href=\"https:\/\/madeiraisland.news\/?p=1194542#more-1194542\" aria-label=\"Read more about Hoje h\u00e1 no Arquivo \u201cConversas \u00e0 Volta da Emigra\u00e7\u00e3o madeirense\u201d\">Read more<\/a><\/p>\n","protected":false},"author":259,"featured_media":0,"comment_status":"open","ping_status":"","sticky":false,"template":"","format":"standard","meta":{"footnotes":""},"categories":[19],"tags":[],"class_list":["post-1194542","post","type-post","status-publish","format-standard","hentry","category-madeira-island-news","infinite-scroll-item","masonry-post","generate-columns","tablet-grid-50","mobile-grid-100","grid-parent","grid-33"],"_links":{"self":[{"href":"https:\/\/madeiraisland.news\/index.php?rest_route=\/wp\/v2\/posts\/1194542","targetHints":{"allow":["GET"]}}],"collection":[{"href":"https:\/\/madeiraisland.news\/index.php?rest_route=\/wp\/v2\/posts"}],"about":[{"href":"https:\/\/madeiraisland.news\/index.php?rest_route=\/wp\/v2\/types\/post"}],"author":[{"embeddable":true,"href":"https:\/\/madeiraisland.news\/index.php?rest_route=\/wp\/v2\/users\/259"}],"replies":[{"embeddable":true,"href":"https:\/\/madeiraisland.news\/index.php?rest_route=%2Fwp%2Fv2%2Fcomments&post=1194542"}],"version-history":[{"count":1,"href":"https:\/\/madeiraisland.news\/index.php?rest_route=\/wp\/v2\/posts\/1194542\/revisions"}],"predecessor-version":[{"id":1194543,"href":"https:\/\/madeiraisland.news\/index.php?rest_route=\/wp\/v2\/posts\/1194542\/revisions\/1194543"}],"wp:attachment":[{"href":"https:\/\/madeiraisland.news\/index.php?rest_route=%2Fwp%2Fv2%2Fmedia&parent=1194542"}],"wp:term":[{"taxonomy":"category","embeddable":true,"href":"https:\/\/madeiraisland.news\/index.php?rest_route=%2Fwp%2Fv2%2Fcategories&post=1194542"},{"taxonomy":"post_tag","embeddable":true,"href":"https:\/\/madeiraisland.news\/index.php?rest_route=%2Fwp%2Fv2%2Ftags&post=1194542"}],"curies":[{"name":"wp","href":"https:\/\/api.w.org\/{rel}","templated":true}]}}