{"id":1194538,"date":"2026-04-27T09:12:27","date_gmt":"2026-04-27T09:12:27","guid":{"rendered":"https:\/\/madeiraisland.news\/?p=1194538"},"modified":"2026-04-27T09:25:17","modified_gmt":"2026-04-27T09:25:17","slug":"doente-urgente-transportado-para-a-madeira","status":"publish","type":"post","link":"https:\/\/madeiraisland.news\/?p=1194538","title":{"rendered":"Doente urgente transportado para a Madeira"},"content":{"rendered":"<p>Na tarde de domingo, 26 de Abril, a For\u00e7a A\u00e9rea Portuguesa realizou mais um transporte aerom\u00e9dico urgente entre as ilhas do Porto Santo e Madeira.\u00a0<br \/>\nPara esta miss\u00e3o foi empenhado o helic\u00f3ptero EH-101 Merlin da Esquadra 752 &#8211; F\u00e9nix.<\/p>\n","protected":false},"excerpt":{"rendered":"<p>Na tarde de domingo, 26 de Abril, a For\u00e7a A\u00e9rea Portuguesa realizou mais um transporte aerom\u00e9dico urgente entre as ilhas &#8230; <\/p>\n<p class=\"read-more-container\"><a title=\"Doente urgente transportado para a Madeira\" class=\"read-more button\" href=\"https:\/\/madeiraisland.news\/?p=1194538#more-1194538\" aria-label=\"Read more about Doente urgente transportado para a Madeira\">Read more<\/a><\/p>\n","protected":false},"author":20,"featured_media":0,"comment_status":"open","ping_status":"","sticky":false,"template":"","format":"standard","meta":{"footnotes":""},"categories":[19],"tags":[],"class_list":["post-1194538","post","type-post","status-publish","format-standard","hentry","category-madeira-island-news","infinite-scroll-item","masonry-post","generate-columns","tablet-grid-50","mobile-grid-100","grid-parent","grid-33"],"_links":{"self":[{"href":"https:\/\/madeiraisland.news\/index.php?rest_route=\/wp\/v2\/posts\/1194538","targetHints":{"allow":["GET"]}}],"collection":[{"href":"https:\/\/madeiraisland.news\/index.php?rest_route=\/wp\/v2\/posts"}],"about":[{"href":"https:\/\/madeiraisland.news\/index.php?rest_route=\/wp\/v2\/types\/post"}],"author":[{"embeddable":true,"href":"https:\/\/madeiraisland.news\/index.php?rest_route=\/wp\/v2\/users\/20"}],"replies":[{"embeddable":true,"href":"https:\/\/madeiraisland.news\/index.php?rest_route=%2Fwp%2Fv2%2Fcomments&post=1194538"}],"version-history":[{"count":1,"href":"https:\/\/madeiraisland.news\/index.php?rest_route=\/wp\/v2\/posts\/1194538\/revisions"}],"predecessor-version":[{"id":1194539,"href":"https:\/\/madeiraisland.news\/index.php?rest_route=\/wp\/v2\/posts\/1194538\/revisions\/1194539"}],"wp:attachment":[{"href":"https:\/\/madeiraisland.news\/index.php?rest_route=%2Fwp%2Fv2%2Fmedia&parent=1194538"}],"wp:term":[{"taxonomy":"category","embeddable":true,"href":"https:\/\/madeiraisland.news\/index.php?rest_route=%2Fwp%2Fv2%2Fcategories&post=1194538"},{"taxonomy":"post_tag","embeddable":true,"href":"https:\/\/madeiraisland.news\/index.php?rest_route=%2Fwp%2Fv2%2Ftags&post=1194538"}],"curies":[{"name":"wp","href":"https:\/\/api.w.org\/{rel}","templated":true}]}}