{"id":1194536,"date":"2026-04-27T09:18:12","date_gmt":"2026-04-27T09:18:12","guid":{"rendered":"https:\/\/madeiraisland.news\/?p=1194536"},"modified":"2026-04-27T09:25:17","modified_gmt":"2026-04-27T09:25:17","slug":"sismo-registado-esta-manha-a-nordeste-das-desertas","status":"publish","type":"post","link":"https:\/\/madeiraisland.news\/?p=1194536","title":{"rendered":"Sismo registado esta manh\u00e3 a nordeste das Desertas"},"content":{"rendered":"<p>Um sismo de magnitude 2.3 na escala de Richter foi registado, esta manh\u00e3, no mar a nordeste das Desertas.<br \/>\nDe acordo com Instituto Portugu\u00eas do Mar e da Atmosfera (IPMA), o abalo ocorreu \u00e0s 8h56 desta segunda-feira, 27 de Abril, com epicentro a 15 km de profundidade.<br \/>\nDada a sua dist\u00e2ncia, profundidade e intensidade, este apenas ter\u00e1 sido &#8216;sentido&#8217; pelos sism\u00f3grafos do IPMA.<br \/>\nOs sismos s\u00e3o classificados segundo a sua magnitude como micro (menos de 2,0), muito pequeno (2,0-2,9), pequeno (3,0-3,9), l<\/p>\n","protected":false},"excerpt":{"rendered":"<p>Um sismo de magnitude 2.3 na escala de Richter foi registado, esta manh\u00e3, no mar a nordeste das Desertas. De &#8230; <\/p>\n<p class=\"read-more-container\"><a title=\"Sismo registado esta manh\u00e3 a nordeste das Desertas\" class=\"read-more button\" href=\"https:\/\/madeiraisland.news\/?p=1194536#more-1194536\" aria-label=\"Read more about Sismo registado esta manh\u00e3 a nordeste das Desertas\">Read more<\/a><\/p>\n","protected":false},"author":20,"featured_media":0,"comment_status":"open","ping_status":"","sticky":false,"template":"","format":"standard","meta":{"footnotes":""},"categories":[19],"tags":[],"class_list":["post-1194536","post","type-post","status-publish","format-standard","hentry","category-madeira-island-news","infinite-scroll-item","masonry-post","generate-columns","tablet-grid-50","mobile-grid-100","grid-parent","grid-33"],"_links":{"self":[{"href":"https:\/\/madeiraisland.news\/index.php?rest_route=\/wp\/v2\/posts\/1194536","targetHints":{"allow":["GET"]}}],"collection":[{"href":"https:\/\/madeiraisland.news\/index.php?rest_route=\/wp\/v2\/posts"}],"about":[{"href":"https:\/\/madeiraisland.news\/index.php?rest_route=\/wp\/v2\/types\/post"}],"author":[{"embeddable":true,"href":"https:\/\/madeiraisland.news\/index.php?rest_route=\/wp\/v2\/users\/20"}],"replies":[{"embeddable":true,"href":"https:\/\/madeiraisland.news\/index.php?rest_route=%2Fwp%2Fv2%2Fcomments&post=1194536"}],"version-history":[{"count":1,"href":"https:\/\/madeiraisland.news\/index.php?rest_route=\/wp\/v2\/posts\/1194536\/revisions"}],"predecessor-version":[{"id":1194537,"href":"https:\/\/madeiraisland.news\/index.php?rest_route=\/wp\/v2\/posts\/1194536\/revisions\/1194537"}],"wp:attachment":[{"href":"https:\/\/madeiraisland.news\/index.php?rest_route=%2Fwp%2Fv2%2Fmedia&parent=1194536"}],"wp:term":[{"taxonomy":"category","embeddable":true,"href":"https:\/\/madeiraisland.news\/index.php?rest_route=%2Fwp%2Fv2%2Fcategories&post=1194536"},{"taxonomy":"post_tag","embeddable":true,"href":"https:\/\/madeiraisland.news\/index.php?rest_route=%2Fwp%2Fv2%2Ftags&post=1194536"}],"curies":[{"name":"wp","href":"https:\/\/api.w.org\/{rel}","templated":true}]}}