{"id":1194531,"date":"2026-04-27T08:21:28","date_gmt":"2026-04-27T08:21:28","guid":{"rendered":"https:\/\/madeiraisland.news\/?p=1194531"},"modified":"2026-04-27T08:37:34","modified_gmt":"2026-04-27T08:37:34","slug":"associacao-de-fado-da-madeira-celebrou-8-o-aniversario-com-casa-cheia-no-imaculado","status":"publish","type":"post","link":"https:\/\/madeiraisland.news\/?p=1194531","title":{"rendered":"Associa\u00e7\u00e3o de Fado da Madeira celebrou 8.\u00ba anivers\u00e1rio com casa cheia no Imaculado"},"content":{"rendered":"<p>A Associa\u00e7\u00e3o de Fado da Madeira celebrou, no \u00faltimo s\u00e1bado,o seu 8.\u00ba anivers\u00e1rio com uma sess\u00e3o de fado realizada no Sal\u00e3o Paroquial do Imaculado Cora\u00e7\u00e3o de Maria, evento que reuniu mais de duas centenas de pessoas. Foi uma demonstra\u00e7\u00e3o clara da vitalidade do fado na Regi\u00e3o e do crescente envolvimento da freguesia em torno desta [\u2026]<\/p>\n","protected":false},"excerpt":{"rendered":"<p>A Associa\u00e7\u00e3o de Fado da Madeira celebrou, no \u00faltimo s\u00e1bado,o seu 8.\u00ba anivers\u00e1rio com uma sess\u00e3o de fado realizada no &#8230; <\/p>\n<p class=\"read-more-container\"><a title=\"Associa\u00e7\u00e3o de Fado da Madeira celebrou 8.\u00ba anivers\u00e1rio com casa cheia no Imaculado\" class=\"read-more button\" href=\"https:\/\/madeiraisland.news\/?p=1194531#more-1194531\" aria-label=\"Read more about Associa\u00e7\u00e3o de Fado da Madeira celebrou 8.\u00ba anivers\u00e1rio com casa cheia no Imaculado\">Read more<\/a><\/p>\n","protected":false},"author":259,"featured_media":0,"comment_status":"open","ping_status":"","sticky":false,"template":"","format":"standard","meta":{"footnotes":""},"categories":[19],"tags":[],"class_list":["post-1194531","post","type-post","status-publish","format-standard","hentry","category-madeira-island-news","infinite-scroll-item","masonry-post","generate-columns","tablet-grid-50","mobile-grid-100","grid-parent","grid-33"],"_links":{"self":[{"href":"https:\/\/madeiraisland.news\/index.php?rest_route=\/wp\/v2\/posts\/1194531","targetHints":{"allow":["GET"]}}],"collection":[{"href":"https:\/\/madeiraisland.news\/index.php?rest_route=\/wp\/v2\/posts"}],"about":[{"href":"https:\/\/madeiraisland.news\/index.php?rest_route=\/wp\/v2\/types\/post"}],"author":[{"embeddable":true,"href":"https:\/\/madeiraisland.news\/index.php?rest_route=\/wp\/v2\/users\/259"}],"replies":[{"embeddable":true,"href":"https:\/\/madeiraisland.news\/index.php?rest_route=%2Fwp%2Fv2%2Fcomments&post=1194531"}],"version-history":[{"count":1,"href":"https:\/\/madeiraisland.news\/index.php?rest_route=\/wp\/v2\/posts\/1194531\/revisions"}],"predecessor-version":[{"id":1194532,"href":"https:\/\/madeiraisland.news\/index.php?rest_route=\/wp\/v2\/posts\/1194531\/revisions\/1194532"}],"wp:attachment":[{"href":"https:\/\/madeiraisland.news\/index.php?rest_route=%2Fwp%2Fv2%2Fmedia&parent=1194531"}],"wp:term":[{"taxonomy":"category","embeddable":true,"href":"https:\/\/madeiraisland.news\/index.php?rest_route=%2Fwp%2Fv2%2Fcategories&post=1194531"},{"taxonomy":"post_tag","embeddable":true,"href":"https:\/\/madeiraisland.news\/index.php?rest_route=%2Fwp%2Fv2%2Ftags&post=1194531"}],"curies":[{"name":"wp","href":"https:\/\/api.w.org\/{rel}","templated":true}]}}