{"id":1194529,"date":"2026-04-27T08:29:37","date_gmt":"2026-04-27T08:29:37","guid":{"rendered":"https:\/\/madeiraisland.news\/?p=1194529"},"modified":"2026-04-27T08:37:32","modified_gmt":"2026-04-27T08:37:32","slug":"120-militares-da-madeira-integram-batalhao-da-european-union-battlegroup","status":"publish","type":"post","link":"https:\/\/madeiraisland.news\/?p=1194529","title":{"rendered":"120 militares da Madeira integram Batalh\u00e3o da\u00a0European Union Battlegroup"},"content":{"rendered":"<p>A presidente da Assembleia Legislativa da Madeira, Rubina Leal estar\u00e1 hoje, pelas 10h30, no RG3, num encontro com a Companhia de Atiradores do\u00a0Batalh\u00e3o da\u00a0European Union Battlegroup\u00a0(EUBG). Esta Companhia de Atiradores do Batalh\u00e3o de lnfantaria da Zona Militar da Madeira, \u00e9 composta por um efetivo de 120 militares e integrar\u00e1 o\u00a0European Union Battlegroup\u00a0(EUBG) 26-2\/27-I, sob comando [\u2026]<\/p>\n","protected":false},"excerpt":{"rendered":"<p>A presidente da Assembleia Legislativa da Madeira, Rubina Leal estar\u00e1 hoje, pelas 10h30, no RG3, num encontro com a Companhia &#8230; <\/p>\n<p class=\"read-more-container\"><a title=\"120 militares da Madeira integram Batalh\u00e3o da\u00a0European Union Battlegroup\" class=\"read-more button\" href=\"https:\/\/madeiraisland.news\/?p=1194529#more-1194529\" aria-label=\"Read more about 120 militares da Madeira integram Batalh\u00e3o da\u00a0European Union Battlegroup\">Read more<\/a><\/p>\n","protected":false},"author":259,"featured_media":0,"comment_status":"open","ping_status":"","sticky":false,"template":"","format":"standard","meta":{"footnotes":""},"categories":[19],"tags":[],"class_list":["post-1194529","post","type-post","status-publish","format-standard","hentry","category-madeira-island-news","infinite-scroll-item","masonry-post","generate-columns","tablet-grid-50","mobile-grid-100","grid-parent","grid-33"],"_links":{"self":[{"href":"https:\/\/madeiraisland.news\/index.php?rest_route=\/wp\/v2\/posts\/1194529","targetHints":{"allow":["GET"]}}],"collection":[{"href":"https:\/\/madeiraisland.news\/index.php?rest_route=\/wp\/v2\/posts"}],"about":[{"href":"https:\/\/madeiraisland.news\/index.php?rest_route=\/wp\/v2\/types\/post"}],"author":[{"embeddable":true,"href":"https:\/\/madeiraisland.news\/index.php?rest_route=\/wp\/v2\/users\/259"}],"replies":[{"embeddable":true,"href":"https:\/\/madeiraisland.news\/index.php?rest_route=%2Fwp%2Fv2%2Fcomments&post=1194529"}],"version-history":[{"count":1,"href":"https:\/\/madeiraisland.news\/index.php?rest_route=\/wp\/v2\/posts\/1194529\/revisions"}],"predecessor-version":[{"id":1194530,"href":"https:\/\/madeiraisland.news\/index.php?rest_route=\/wp\/v2\/posts\/1194529\/revisions\/1194530"}],"wp:attachment":[{"href":"https:\/\/madeiraisland.news\/index.php?rest_route=%2Fwp%2Fv2%2Fmedia&parent=1194529"}],"wp:term":[{"taxonomy":"category","embeddable":true,"href":"https:\/\/madeiraisland.news\/index.php?rest_route=%2Fwp%2Fv2%2Fcategories&post=1194529"},{"taxonomy":"post_tag","embeddable":true,"href":"https:\/\/madeiraisland.news\/index.php?rest_route=%2Fwp%2Fv2%2Ftags&post=1194529"}],"curies":[{"name":"wp","href":"https:\/\/api.w.org\/{rel}","templated":true}]}}