{"id":1194527,"date":"2026-04-27T08:30:10","date_gmt":"2026-04-27T08:30:10","guid":{"rendered":"https:\/\/madeiraisland.news\/?p=1194527"},"modified":"2026-04-27T08:37:31","modified_gmt":"2026-04-27T08:37:31","slug":"acidente-grave-entre-moto-e-carro-em-gaula","status":"publish","type":"post","link":"https:\/\/madeiraisland.news\/?p=1194527","title":{"rendered":"Acidente grave entre moto e carro em Gaula"},"content":{"rendered":"<p>Um jovem com cerca de 25 anos foi v\u00edtima esta manh\u00e3 de um acidente, quando a moto que conduzia chocou contra uma viatura ligeira no S\u00edtio da Achada, em Gaula.<br \/>\n0. Imagem inserida a 13\/04\/2026 08:52<br \/>\nApesar do aparato (como mostram as fotos), o motociclista estava consciente e orientado, queixando-se apenas de dores num membro superior.<br \/>\nNo local, os Bombeiros Sapadores de Santa Cruz mobilizaram uma ambul\u00e2ncia e uma viatura de apoio, tendo o ferido sido imobilizado em plano duro e transportado ao H<\/p>\n","protected":false},"excerpt":{"rendered":"<p>Um jovem com cerca de 25 anos foi v\u00edtima esta manh\u00e3 de um acidente, quando a moto que conduzia chocou &#8230; <\/p>\n<p class=\"read-more-container\"><a title=\"Acidente grave entre moto e carro em Gaula\" class=\"read-more button\" href=\"https:\/\/madeiraisland.news\/?p=1194527#more-1194527\" aria-label=\"Read more about Acidente grave entre moto e carro em Gaula\">Read more<\/a><\/p>\n","protected":false},"author":3,"featured_media":0,"comment_status":"open","ping_status":"","sticky":false,"template":"","format":"standard","meta":{"footnotes":""},"categories":[19],"tags":[],"class_list":["post-1194527","post","type-post","status-publish","format-standard","hentry","category-madeira-island-news","infinite-scroll-item","masonry-post","generate-columns","tablet-grid-50","mobile-grid-100","grid-parent","grid-33"],"_links":{"self":[{"href":"https:\/\/madeiraisland.news\/index.php?rest_route=\/wp\/v2\/posts\/1194527","targetHints":{"allow":["GET"]}}],"collection":[{"href":"https:\/\/madeiraisland.news\/index.php?rest_route=\/wp\/v2\/posts"}],"about":[{"href":"https:\/\/madeiraisland.news\/index.php?rest_route=\/wp\/v2\/types\/post"}],"author":[{"embeddable":true,"href":"https:\/\/madeiraisland.news\/index.php?rest_route=\/wp\/v2\/users\/3"}],"replies":[{"embeddable":true,"href":"https:\/\/madeiraisland.news\/index.php?rest_route=%2Fwp%2Fv2%2Fcomments&post=1194527"}],"version-history":[{"count":1,"href":"https:\/\/madeiraisland.news\/index.php?rest_route=\/wp\/v2\/posts\/1194527\/revisions"}],"predecessor-version":[{"id":1194528,"href":"https:\/\/madeiraisland.news\/index.php?rest_route=\/wp\/v2\/posts\/1194527\/revisions\/1194528"}],"wp:attachment":[{"href":"https:\/\/madeiraisland.news\/index.php?rest_route=%2Fwp%2Fv2%2Fmedia&parent=1194527"}],"wp:term":[{"taxonomy":"category","embeddable":true,"href":"https:\/\/madeiraisland.news\/index.php?rest_route=%2Fwp%2Fv2%2Fcategories&post=1194527"},{"taxonomy":"post_tag","embeddable":true,"href":"https:\/\/madeiraisland.news\/index.php?rest_route=%2Fwp%2Fv2%2Ftags&post=1194527"}],"curies":[{"name":"wp","href":"https:\/\/api.w.org\/{rel}","templated":true}]}}