{"id":1194524,"date":"2026-04-27T08:12:00","date_gmt":"2026-04-27T08:12:00","guid":{"rendered":"https:\/\/madeiraisland.news\/?p=1194524"},"modified":"2026-04-27T08:15:51","modified_gmt":"2026-04-27T08:15:51","slug":"gabinetes-de-apoio-a-vitima-inaugurados-em-2025-apoiaram-quase-mil-vitimas","status":"publish","type":"post","link":"https:\/\/madeiraisland.news\/?p=1194524","title":{"rendered":"Gabinetes de apoio \u00e0 v\u00edtima inaugurados em 2025 apoiaram quase mil v\u00edtimas"},"content":{"rendered":"<p>Os dois gabinetes de apoio \u00e0 v\u00edtima (GAV) que abriram no ano passado, no Seixal e no Porto, apoiaram quase mil v\u00edtimas de crimes, incluindo viol\u00eancia dom\u00e9stica, adiantou a ministra da Justi\u00e7a em entrevista \u00e0 Lusa.<br \/>\nEstes gabinetes, explicou Rita Alarc\u00e3o J\u00fadice, &#8220;s\u00e3o essenciais para o combate \u00e0 viol\u00eancia dom\u00e9stica&#8221;, uma vez que asseguram um acompanhamento e um aconselhamento mais pr\u00f3ximo \u00e0s v\u00edtimas.<br \/>\nNo total, os GAV do Porto e do Seixal fizeram 2.846 atendimentos a 925 v\u00edtimas entre fevereiro, m\u00eas<\/p>\n","protected":false},"excerpt":{"rendered":"<p>Os dois gabinetes de apoio \u00e0 v\u00edtima (GAV) que abriram no ano passado, no Seixal e no Porto, apoiaram quase mil v\u00edtimas de crimes, incluindo viol\u00eancia dom\u00e9stica, adiantou a ministra da Justi\u00e7a em entrevista \u00e0<\/p>\n","protected":false},"author":5,"featured_media":0,"comment_status":"open","ping_status":"","sticky":false,"template":"","format":"standard","meta":{"footnotes":""},"categories":[19],"tags":[],"class_list":["post-1194524","post","type-post","status-publish","format-standard","hentry","category-madeira-island-news","infinite-scroll-item","masonry-post","generate-columns","tablet-grid-50","mobile-grid-100","grid-parent","grid-33"],"_links":{"self":[{"href":"https:\/\/madeiraisland.news\/index.php?rest_route=\/wp\/v2\/posts\/1194524","targetHints":{"allow":["GET"]}}],"collection":[{"href":"https:\/\/madeiraisland.news\/index.php?rest_route=\/wp\/v2\/posts"}],"about":[{"href":"https:\/\/madeiraisland.news\/index.php?rest_route=\/wp\/v2\/types\/post"}],"author":[{"embeddable":true,"href":"https:\/\/madeiraisland.news\/index.php?rest_route=\/wp\/v2\/users\/5"}],"replies":[{"embeddable":true,"href":"https:\/\/madeiraisland.news\/index.php?rest_route=%2Fwp%2Fv2%2Fcomments&post=1194524"}],"version-history":[{"count":2,"href":"https:\/\/madeiraisland.news\/index.php?rest_route=\/wp\/v2\/posts\/1194524\/revisions"}],"predecessor-version":[{"id":1194526,"href":"https:\/\/madeiraisland.news\/index.php?rest_route=\/wp\/v2\/posts\/1194524\/revisions\/1194526"}],"wp:attachment":[{"href":"https:\/\/madeiraisland.news\/index.php?rest_route=%2Fwp%2Fv2%2Fmedia&parent=1194524"}],"wp:term":[{"taxonomy":"category","embeddable":true,"href":"https:\/\/madeiraisland.news\/index.php?rest_route=%2Fwp%2Fv2%2Fcategories&post=1194524"},{"taxonomy":"post_tag","embeddable":true,"href":"https:\/\/madeiraisland.news\/index.php?rest_route=%2Fwp%2Fv2%2Ftags&post=1194524"}],"curies":[{"name":"wp","href":"https:\/\/api.w.org\/{rel}","templated":true}]}}