{"id":1194522,"date":"2026-04-27T08:05:43","date_gmt":"2026-04-27T08:05:43","guid":{"rendered":"https:\/\/madeiraisland.news\/?p=1194522"},"modified":"2026-04-27T08:15:48","modified_gmt":"2026-04-27T08:15:48","slug":"madeira-acolhe-jornadas-academicas-de-enfermagem-que-unem-quatro-regioes-da-macaronesia","status":"publish","type":"post","link":"https:\/\/madeiraisland.news\/?p=1194522","title":{"rendered":"Madeira acolhe Jornadas Acad\u00e9micas de Enfermagem que unem quatro regi\u00f5es da Macaron\u00e9sia"},"content":{"rendered":"<p>A\u00a0Regi\u00e3o Aut\u00f3noma da Madeira ser\u00e1 palco das\u00a0V\u00a0Jornadas Acad\u00e9micas de Enfermagem da Macaron\u00e9sia (JAEM), que decorrem entre os dias 27 e 29 de abril de 2026, reunindo estudantes, investigadores, docentes e profissionais de enfermagem de quatro regi\u00f5es: Madeira, A\u00e7ores, Can\u00e1rias e Cabo Verde . Organizado pela Escola Superior de Enfermagem S\u00e3o Jos\u00e9 de Cluny, o evento [\u2026]<\/p>\n","protected":false},"excerpt":{"rendered":"<p>A\u00a0Regi\u00e3o Aut\u00f3noma da Madeira ser\u00e1 palco das\u00a0V\u00a0Jornadas Acad\u00e9micas de Enfermagem da Macaron\u00e9sia (JAEM), que decorrem entre os dias 27 e &#8230; <\/p>\n<p class=\"read-more-container\"><a title=\"Madeira acolhe Jornadas Acad\u00e9micas de Enfermagem que unem quatro regi\u00f5es da Macaron\u00e9sia\" class=\"read-more button\" href=\"https:\/\/madeiraisland.news\/?p=1194522#more-1194522\" aria-label=\"Read more about Madeira acolhe Jornadas Acad\u00e9micas de Enfermagem que unem quatro regi\u00f5es da Macaron\u00e9sia\">Read more<\/a><\/p>\n","protected":false},"author":259,"featured_media":0,"comment_status":"open","ping_status":"","sticky":false,"template":"","format":"standard","meta":{"footnotes":""},"categories":[19],"tags":[],"class_list":["post-1194522","post","type-post","status-publish","format-standard","hentry","category-madeira-island-news","infinite-scroll-item","masonry-post","generate-columns","tablet-grid-50","mobile-grid-100","grid-parent","grid-33"],"_links":{"self":[{"href":"https:\/\/madeiraisland.news\/index.php?rest_route=\/wp\/v2\/posts\/1194522","targetHints":{"allow":["GET"]}}],"collection":[{"href":"https:\/\/madeiraisland.news\/index.php?rest_route=\/wp\/v2\/posts"}],"about":[{"href":"https:\/\/madeiraisland.news\/index.php?rest_route=\/wp\/v2\/types\/post"}],"author":[{"embeddable":true,"href":"https:\/\/madeiraisland.news\/index.php?rest_route=\/wp\/v2\/users\/259"}],"replies":[{"embeddable":true,"href":"https:\/\/madeiraisland.news\/index.php?rest_route=%2Fwp%2Fv2%2Fcomments&post=1194522"}],"version-history":[{"count":1,"href":"https:\/\/madeiraisland.news\/index.php?rest_route=\/wp\/v2\/posts\/1194522\/revisions"}],"predecessor-version":[{"id":1194523,"href":"https:\/\/madeiraisland.news\/index.php?rest_route=\/wp\/v2\/posts\/1194522\/revisions\/1194523"}],"wp:attachment":[{"href":"https:\/\/madeiraisland.news\/index.php?rest_route=%2Fwp%2Fv2%2Fmedia&parent=1194522"}],"wp:term":[{"taxonomy":"category","embeddable":true,"href":"https:\/\/madeiraisland.news\/index.php?rest_route=%2Fwp%2Fv2%2Fcategories&post=1194522"},{"taxonomy":"post_tag","embeddable":true,"href":"https:\/\/madeiraisland.news\/index.php?rest_route=%2Fwp%2Fv2%2Ftags&post=1194522"}],"curies":[{"name":"wp","href":"https:\/\/api.w.org\/{rel}","templated":true}]}}