{"id":1194520,"date":"2026-04-27T08:09:46","date_gmt":"2026-04-27T08:09:46","guid":{"rendered":"https:\/\/madeiraisland.news\/?p=1194520"},"modified":"2026-04-27T08:15:48","modified_gmt":"2026-04-27T08:15:48","slug":"barbusano-percorre-levada-e-visita-obra-de-vimes","status":"publish","type":"post","link":"https:\/\/madeiraisland.news\/?p=1194520","title":{"rendered":"Barbusano percorre levada e visita \u2018obra de vimes\u2019"},"content":{"rendered":"<p>O Clube de Ecologia Barbusano, da Escola Secund\u00e1ria de Francisco Franco, realizou recentemente uma sa\u00edda de campo, entre a Choupana e a freguesia da Camacha, pela Levada da Serra do Faial. Nas imedia\u00e7\u00f5es da Choupana verifica-se um predom\u00ednio de plantas ex\u00f3ticas invasoras, como ac\u00e1cias e eucaliptos, tendo sido poss\u00edvel observar no terreno a\u00e7\u00f5es para controle [\u2026]<\/p>\n","protected":false},"excerpt":{"rendered":"<p>O Clube de Ecologia Barbusano, da Escola Secund\u00e1ria de Francisco Franco, realizou recentemente uma sa\u00edda de campo, entre a Choupana &#8230; <\/p>\n<p class=\"read-more-container\"><a title=\"Barbusano percorre levada e visita \u2018obra de vimes\u2019\" class=\"read-more button\" href=\"https:\/\/madeiraisland.news\/?p=1194520#more-1194520\" aria-label=\"Read more about Barbusano percorre levada e visita \u2018obra de vimes\u2019\">Read more<\/a><\/p>\n","protected":false},"author":259,"featured_media":0,"comment_status":"open","ping_status":"","sticky":false,"template":"","format":"standard","meta":{"footnotes":""},"categories":[19],"tags":[],"class_list":["post-1194520","post","type-post","status-publish","format-standard","hentry","category-madeira-island-news","infinite-scroll-item","masonry-post","generate-columns","tablet-grid-50","mobile-grid-100","grid-parent","grid-33"],"_links":{"self":[{"href":"https:\/\/madeiraisland.news\/index.php?rest_route=\/wp\/v2\/posts\/1194520","targetHints":{"allow":["GET"]}}],"collection":[{"href":"https:\/\/madeiraisland.news\/index.php?rest_route=\/wp\/v2\/posts"}],"about":[{"href":"https:\/\/madeiraisland.news\/index.php?rest_route=\/wp\/v2\/types\/post"}],"author":[{"embeddable":true,"href":"https:\/\/madeiraisland.news\/index.php?rest_route=\/wp\/v2\/users\/259"}],"replies":[{"embeddable":true,"href":"https:\/\/madeiraisland.news\/index.php?rest_route=%2Fwp%2Fv2%2Fcomments&post=1194520"}],"version-history":[{"count":1,"href":"https:\/\/madeiraisland.news\/index.php?rest_route=\/wp\/v2\/posts\/1194520\/revisions"}],"predecessor-version":[{"id":1194521,"href":"https:\/\/madeiraisland.news\/index.php?rest_route=\/wp\/v2\/posts\/1194520\/revisions\/1194521"}],"wp:attachment":[{"href":"https:\/\/madeiraisland.news\/index.php?rest_route=%2Fwp%2Fv2%2Fmedia&parent=1194520"}],"wp:term":[{"taxonomy":"category","embeddable":true,"href":"https:\/\/madeiraisland.news\/index.php?rest_route=%2Fwp%2Fv2%2Fcategories&post=1194520"},{"taxonomy":"post_tag","embeddable":true,"href":"https:\/\/madeiraisland.news\/index.php?rest_route=%2Fwp%2Fv2%2Ftags&post=1194520"}],"curies":[{"name":"wp","href":"https:\/\/api.w.org\/{rel}","templated":true}]}}