{"id":1194517,"date":"2026-04-27T07:50:00","date_gmt":"2026-04-27T07:50:00","guid":{"rendered":"https:\/\/madeiraisland.news\/?p=1194517"},"modified":"2026-04-27T08:02:05","modified_gmt":"2026-04-27T08:02:05","slug":"presos-por-violencia-domestica-aumentam-e-sera-feito-estudo-sobre-reincidencia","status":"publish","type":"post","link":"https:\/\/madeiraisland.news\/?p=1194517","title":{"rendered":"Presos por viol\u00eancia dom\u00e9stica aumentam e ser\u00e1 feito estudo sobre reincid\u00eancia"},"content":{"rendered":"<p>O n\u00famero de presos por viol\u00eancia dom\u00e9stica voltou a aumentar e, em entrevista \u00e0 Lusa, a ministra da Justi\u00e7a adiantou que ser\u00e1 feito um estudo sobre reincid\u00eancia e ser\u00e3o analisados casos arquivados e desist\u00eancias.<br \/>\nCerca de 9% dos reclusos que estavam nas cadeias portuguesas em 2025 cometeram crimes de viol\u00eancia dom\u00e9stica, segundo dados do Minist\u00e9rio da Justi\u00e7a: 376 estavam em pris\u00e3o preventiva, mais 11% do que no ano anterior, e 1.184 j\u00e1 tinham sido condenados, o que corresponde a um aumento de <\/p>\n","protected":false},"excerpt":{"rendered":"<p>O n\u00famero de presos por viol\u00eancia dom\u00e9stica voltou a aumentar e, em entrevista \u00e0 Lusa, a ministra da Justi\u00e7a adiantou que ser\u00e1 feito um estudo sobre reincid\u00eancia e ser\u00e3o analisados casos arquivados e desist\u00eancias. Cerca<\/p>\n","protected":false},"author":1,"featured_media":0,"comment_status":"open","ping_status":"","sticky":false,"template":"","format":"standard","meta":{"footnotes":""},"categories":[19],"tags":[],"class_list":["post-1194517","post","type-post","status-publish","format-standard","hentry","category-madeira-island-news","infinite-scroll-item","masonry-post","generate-columns","tablet-grid-50","mobile-grid-100","grid-parent","grid-33"],"_links":{"self":[{"href":"https:\/\/madeiraisland.news\/index.php?rest_route=\/wp\/v2\/posts\/1194517","targetHints":{"allow":["GET"]}}],"collection":[{"href":"https:\/\/madeiraisland.news\/index.php?rest_route=\/wp\/v2\/posts"}],"about":[{"href":"https:\/\/madeiraisland.news\/index.php?rest_route=\/wp\/v2\/types\/post"}],"author":[{"embeddable":true,"href":"https:\/\/madeiraisland.news\/index.php?rest_route=\/wp\/v2\/users\/1"}],"replies":[{"embeddable":true,"href":"https:\/\/madeiraisland.news\/index.php?rest_route=%2Fwp%2Fv2%2Fcomments&post=1194517"}],"version-history":[{"count":2,"href":"https:\/\/madeiraisland.news\/index.php?rest_route=\/wp\/v2\/posts\/1194517\/revisions"}],"predecessor-version":[{"id":1194519,"href":"https:\/\/madeiraisland.news\/index.php?rest_route=\/wp\/v2\/posts\/1194517\/revisions\/1194519"}],"wp:attachment":[{"href":"https:\/\/madeiraisland.news\/index.php?rest_route=%2Fwp%2Fv2%2Fmedia&parent=1194517"}],"wp:term":[{"taxonomy":"category","embeddable":true,"href":"https:\/\/madeiraisland.news\/index.php?rest_route=%2Fwp%2Fv2%2Fcategories&post=1194517"},{"taxonomy":"post_tag","embeddable":true,"href":"https:\/\/madeiraisland.news\/index.php?rest_route=%2Fwp%2Fv2%2Ftags&post=1194517"}],"curies":[{"name":"wp","href":"https:\/\/api.w.org\/{rel}","templated":true}]}}