{"id":1194515,"date":"2026-04-27T07:58:05","date_gmt":"2026-04-27T07:58:05","guid":{"rendered":"https:\/\/madeiraisland.news\/?p=1194515"},"modified":"2026-04-27T08:02:04","modified_gmt":"2026-04-27T08:02:04","slug":"empresa-de-consultadoria-na-area-da-inteligencia-artificial-com-novas-instalacoes-no-porto-da-cruz","status":"publish","type":"post","link":"https:\/\/madeiraisland.news\/?p=1194515","title":{"rendered":"Empresa de consultadoria na \u00e1rea da Intelig\u00eancia Artificial com novas instala\u00e7\u00f5es no Porto da Cruz"},"content":{"rendered":"<p>O Presidente do Governo Regional, Miguel Albuquerque, vai estar presente, hoje, segunda-feira, \u00e0s 15h30, na cerim\u00f3nia de abertura das instala\u00e7\u00f5es da TRACER AI Europe, no Centro C\u00edvico do Porto da Cruz. A empresa Tracer Ai Europe tem 4 anos, tendo sido constitu\u00edda em 19\/04\/2022. A empresa desenvolve a sua atividade principal no \u00e2mbito de Outras [\u2026]<\/p>\n","protected":false},"excerpt":{"rendered":"<p>O Presidente do Governo Regional, Miguel Albuquerque, vai estar presente, hoje, segunda-feira, \u00e0s 15h30, na cerim\u00f3nia de abertura das instala\u00e7\u00f5es &#8230; <\/p>\n<p class=\"read-more-container\"><a title=\"Empresa de consultadoria na \u00e1rea da Intelig\u00eancia Artificial com novas instala\u00e7\u00f5es no Porto da Cruz\" class=\"read-more button\" href=\"https:\/\/madeiraisland.news\/?p=1194515#more-1194515\" aria-label=\"Read more about Empresa de consultadoria na \u00e1rea da Intelig\u00eancia Artificial com novas instala\u00e7\u00f5es no Porto da Cruz\">Read more<\/a><\/p>\n","protected":false},"author":259,"featured_media":0,"comment_status":"open","ping_status":"","sticky":false,"template":"","format":"standard","meta":{"footnotes":""},"categories":[19],"tags":[],"class_list":["post-1194515","post","type-post","status-publish","format-standard","hentry","category-madeira-island-news","infinite-scroll-item","masonry-post","generate-columns","tablet-grid-50","mobile-grid-100","grid-parent","grid-33"],"_links":{"self":[{"href":"https:\/\/madeiraisland.news\/index.php?rest_route=\/wp\/v2\/posts\/1194515","targetHints":{"allow":["GET"]}}],"collection":[{"href":"https:\/\/madeiraisland.news\/index.php?rest_route=\/wp\/v2\/posts"}],"about":[{"href":"https:\/\/madeiraisland.news\/index.php?rest_route=\/wp\/v2\/types\/post"}],"author":[{"embeddable":true,"href":"https:\/\/madeiraisland.news\/index.php?rest_route=\/wp\/v2\/users\/259"}],"replies":[{"embeddable":true,"href":"https:\/\/madeiraisland.news\/index.php?rest_route=%2Fwp%2Fv2%2Fcomments&post=1194515"}],"version-history":[{"count":1,"href":"https:\/\/madeiraisland.news\/index.php?rest_route=\/wp\/v2\/posts\/1194515\/revisions"}],"predecessor-version":[{"id":1194516,"href":"https:\/\/madeiraisland.news\/index.php?rest_route=\/wp\/v2\/posts\/1194515\/revisions\/1194516"}],"wp:attachment":[{"href":"https:\/\/madeiraisland.news\/index.php?rest_route=%2Fwp%2Fv2%2Fmedia&parent=1194515"}],"wp:term":[{"taxonomy":"category","embeddable":true,"href":"https:\/\/madeiraisland.news\/index.php?rest_route=%2Fwp%2Fv2%2Fcategories&post=1194515"},{"taxonomy":"post_tag","embeddable":true,"href":"https:\/\/madeiraisland.news\/index.php?rest_route=%2Fwp%2Fv2%2Ftags&post=1194515"}],"curies":[{"name":"wp","href":"https:\/\/api.w.org\/{rel}","templated":true}]}}