{"id":1194513,"date":"2026-04-27T08:01:35","date_gmt":"2026-04-27T08:01:35","guid":{"rendered":"https:\/\/madeiraisland.news\/?p=1194513"},"modified":"2026-04-27T08:02:04","modified_gmt":"2026-04-27T08:02:04","slug":"rubina-leal-felicita-club-sport-maritimo-pela-subida-de-divisao","status":"publish","type":"post","link":"https:\/\/madeiraisland.news\/?p=1194513","title":{"rendered":"Rubina Leal felicita Club Sport Mar\u00edtimo pela subida de divis\u00e3o"},"content":{"rendered":"<p>A Presidente da Assembleia Legislativa da Regi\u00e3o Aut\u00f3noma da Madeira, Rubina Leal, felicitou o Club Sport Mar\u00edtimo pela subida de divis\u00e3o, assinalando este momento como um feito de enorme relev\u00e2ncia desportiva para a Regi\u00e3o. Neste momento de celebra\u00e7\u00e3o, \u00e9 de inteira justi\u00e7a reconhecer o m\u00e9rito dos jogadores, da equipa t\u00e9cnica e dos dirigentes, cujo trabalho, [\u2026]<\/p>\n","protected":false},"excerpt":{"rendered":"<p>A Presidente da Assembleia Legislativa da Regi\u00e3o Aut\u00f3noma da Madeira, Rubina Leal, felicitou o Club Sport Mar\u00edtimo pela subida de &#8230; <\/p>\n<p class=\"read-more-container\"><a title=\"Rubina Leal felicita Club Sport Mar\u00edtimo pela subida de divis\u00e3o\" class=\"read-more button\" href=\"https:\/\/madeiraisland.news\/?p=1194513#more-1194513\" aria-label=\"Read more about Rubina Leal felicita Club Sport Mar\u00edtimo pela subida de divis\u00e3o\">Read more<\/a><\/p>\n","protected":false},"author":259,"featured_media":0,"comment_status":"open","ping_status":"","sticky":false,"template":"","format":"standard","meta":{"footnotes":""},"categories":[19],"tags":[],"class_list":["post-1194513","post","type-post","status-publish","format-standard","hentry","category-madeira-island-news","infinite-scroll-item","masonry-post","generate-columns","tablet-grid-50","mobile-grid-100","grid-parent","grid-33"],"_links":{"self":[{"href":"https:\/\/madeiraisland.news\/index.php?rest_route=\/wp\/v2\/posts\/1194513","targetHints":{"allow":["GET"]}}],"collection":[{"href":"https:\/\/madeiraisland.news\/index.php?rest_route=\/wp\/v2\/posts"}],"about":[{"href":"https:\/\/madeiraisland.news\/index.php?rest_route=\/wp\/v2\/types\/post"}],"author":[{"embeddable":true,"href":"https:\/\/madeiraisland.news\/index.php?rest_route=\/wp\/v2\/users\/259"}],"replies":[{"embeddable":true,"href":"https:\/\/madeiraisland.news\/index.php?rest_route=%2Fwp%2Fv2%2Fcomments&post=1194513"}],"version-history":[{"count":1,"href":"https:\/\/madeiraisland.news\/index.php?rest_route=\/wp\/v2\/posts\/1194513\/revisions"}],"predecessor-version":[{"id":1194514,"href":"https:\/\/madeiraisland.news\/index.php?rest_route=\/wp\/v2\/posts\/1194513\/revisions\/1194514"}],"wp:attachment":[{"href":"https:\/\/madeiraisland.news\/index.php?rest_route=%2Fwp%2Fv2%2Fmedia&parent=1194513"}],"wp:term":[{"taxonomy":"category","embeddable":true,"href":"https:\/\/madeiraisland.news\/index.php?rest_route=%2Fwp%2Fv2%2Fcategories&post=1194513"},{"taxonomy":"post_tag","embeddable":true,"href":"https:\/\/madeiraisland.news\/index.php?rest_route=%2Fwp%2Fv2%2Ftags&post=1194513"}],"curies":[{"name":"wp","href":"https:\/\/api.w.org\/{rel}","templated":true}]}}