{"id":1194508,"date":"2026-04-27T07:40:28","date_gmt":"2026-04-27T07:40:28","guid":{"rendered":"https:\/\/madeiraisland.news\/?p=1194508"},"modified":"2026-04-27T07:46:58","modified_gmt":"2026-04-27T07:46:58","slug":"concertacao-social-reune-e-analisa-situacao-economica-e-social-da-ram","status":"publish","type":"post","link":"https:\/\/madeiraisland.news\/?p=1194508","title":{"rendered":"Concerta\u00e7\u00e3o social re\u00fane e analisa situa\u00e7\u00e3o econ\u00f3mica e social da RAM"},"content":{"rendered":"<p>A Comiss\u00e3o Permanente de Concerta\u00e7\u00e3o Social da Regi\u00e3o Aut\u00f3noma da Madeira reuniu na \u00faltima sexta-feira, 24 de abril, no audit\u00f3rio da Secretaria Regional de Inclus\u00e3o, Trabalho e Juventude, no Funchal, dando continuidade ao processo de di\u00e1logo entre o Governo Regional e os parceiros sociais. A reuni\u00e3o, que foi presidida pela secret\u00e1ria da Inclus\u00e3o, Paula Margarido, [\u2026]<\/p>\n","protected":false},"excerpt":{"rendered":"<p>A Comiss\u00e3o Permanente de Concerta\u00e7\u00e3o Social da Regi\u00e3o Aut\u00f3noma da Madeira reuniu na \u00faltima sexta-feira, 24 de abril, no audit\u00f3rio &#8230; <\/p>\n<p class=\"read-more-container\"><a title=\"Concerta\u00e7\u00e3o social re\u00fane e analisa situa\u00e7\u00e3o econ\u00f3mica e social da RAM\" class=\"read-more button\" href=\"https:\/\/madeiraisland.news\/?p=1194508#more-1194508\" aria-label=\"Read more about Concerta\u00e7\u00e3o social re\u00fane e analisa situa\u00e7\u00e3o econ\u00f3mica e social da RAM\">Read more<\/a><\/p>\n","protected":false},"author":259,"featured_media":0,"comment_status":"open","ping_status":"","sticky":false,"template":"","format":"standard","meta":{"footnotes":""},"categories":[19],"tags":[],"class_list":["post-1194508","post","type-post","status-publish","format-standard","hentry","category-madeira-island-news","infinite-scroll-item","masonry-post","generate-columns","tablet-grid-50","mobile-grid-100","grid-parent","grid-33"],"_links":{"self":[{"href":"https:\/\/madeiraisland.news\/index.php?rest_route=\/wp\/v2\/posts\/1194508","targetHints":{"allow":["GET"]}}],"collection":[{"href":"https:\/\/madeiraisland.news\/index.php?rest_route=\/wp\/v2\/posts"}],"about":[{"href":"https:\/\/madeiraisland.news\/index.php?rest_route=\/wp\/v2\/types\/post"}],"author":[{"embeddable":true,"href":"https:\/\/madeiraisland.news\/index.php?rest_route=\/wp\/v2\/users\/259"}],"replies":[{"embeddable":true,"href":"https:\/\/madeiraisland.news\/index.php?rest_route=%2Fwp%2Fv2%2Fcomments&post=1194508"}],"version-history":[{"count":1,"href":"https:\/\/madeiraisland.news\/index.php?rest_route=\/wp\/v2\/posts\/1194508\/revisions"}],"predecessor-version":[{"id":1194509,"href":"https:\/\/madeiraisland.news\/index.php?rest_route=\/wp\/v2\/posts\/1194508\/revisions\/1194509"}],"wp:attachment":[{"href":"https:\/\/madeiraisland.news\/index.php?rest_route=%2Fwp%2Fv2%2Fmedia&parent=1194508"}],"wp:term":[{"taxonomy":"category","embeddable":true,"href":"https:\/\/madeiraisland.news\/index.php?rest_route=%2Fwp%2Fv2%2Fcategories&post=1194508"},{"taxonomy":"post_tag","embeddable":true,"href":"https:\/\/madeiraisland.news\/index.php?rest_route=%2Fwp%2Fv2%2Ftags&post=1194508"}],"curies":[{"name":"wp","href":"https:\/\/api.w.org\/{rel}","templated":true}]}}