{"id":1194506,"date":"2026-04-27T07:43:53","date_gmt":"2026-04-27T07:43:53","guid":{"rendered":"https:\/\/madeiraisland.news\/?p=1194506"},"modified":"2026-04-27T07:46:58","modified_gmt":"2026-04-27T07:46:58","slug":"confraria-enogastronomica-da-madeira-reuniu-confrades","status":"publish","type":"post","link":"https:\/\/madeiraisland.news\/?p=1194506","title":{"rendered":"Confraria Enogastron\u00f3mica da Madeira reuniu confrades"},"content":{"rendered":"<p>O Secret\u00e1rio Regional da Economia sublinhou, ontem, a import\u00e2ncia crescente da gastronomia enquanto fator de valoriza\u00e7\u00e3o econ\u00f3mica e tur\u00edstica da Regi\u00e3o, durante a sess\u00e3o solene do XXVI Grande Cap\u00edtulo da Confraria Enogastron\u00f3mica da Madeira, que decorreu na Gare Mar\u00edtima do Porto do Funchal. Na sua interven\u00e7\u00e3o, o governante destacou que \u201ca gastronomia deixou h\u00e1 muito [\u2026]<\/p>\n","protected":false},"excerpt":{"rendered":"<p>O Secret\u00e1rio Regional da Economia sublinhou, ontem, a import\u00e2ncia crescente da gastronomia enquanto fator de valoriza\u00e7\u00e3o econ\u00f3mica e tur\u00edstica da &#8230; <\/p>\n<p class=\"read-more-container\"><a title=\"Confraria Enogastron\u00f3mica da Madeira reuniu confrades\" class=\"read-more button\" href=\"https:\/\/madeiraisland.news\/?p=1194506#more-1194506\" aria-label=\"Read more about Confraria Enogastron\u00f3mica da Madeira reuniu confrades\">Read more<\/a><\/p>\n","protected":false},"author":259,"featured_media":0,"comment_status":"open","ping_status":"","sticky":false,"template":"","format":"standard","meta":{"footnotes":""},"categories":[19],"tags":[],"class_list":["post-1194506","post","type-post","status-publish","format-standard","hentry","category-madeira-island-news","infinite-scroll-item","masonry-post","generate-columns","tablet-grid-50","mobile-grid-100","grid-parent","grid-33"],"_links":{"self":[{"href":"https:\/\/madeiraisland.news\/index.php?rest_route=\/wp\/v2\/posts\/1194506","targetHints":{"allow":["GET"]}}],"collection":[{"href":"https:\/\/madeiraisland.news\/index.php?rest_route=\/wp\/v2\/posts"}],"about":[{"href":"https:\/\/madeiraisland.news\/index.php?rest_route=\/wp\/v2\/types\/post"}],"author":[{"embeddable":true,"href":"https:\/\/madeiraisland.news\/index.php?rest_route=\/wp\/v2\/users\/259"}],"replies":[{"embeddable":true,"href":"https:\/\/madeiraisland.news\/index.php?rest_route=%2Fwp%2Fv2%2Fcomments&post=1194506"}],"version-history":[{"count":1,"href":"https:\/\/madeiraisland.news\/index.php?rest_route=\/wp\/v2\/posts\/1194506\/revisions"}],"predecessor-version":[{"id":1194507,"href":"https:\/\/madeiraisland.news\/index.php?rest_route=\/wp\/v2\/posts\/1194506\/revisions\/1194507"}],"wp:attachment":[{"href":"https:\/\/madeiraisland.news\/index.php?rest_route=%2Fwp%2Fv2%2Fmedia&parent=1194506"}],"wp:term":[{"taxonomy":"category","embeddable":true,"href":"https:\/\/madeiraisland.news\/index.php?rest_route=%2Fwp%2Fv2%2Fcategories&post=1194506"},{"taxonomy":"post_tag","embeddable":true,"href":"https:\/\/madeiraisland.news\/index.php?rest_route=%2Fwp%2Fv2%2Ftags&post=1194506"}],"curies":[{"name":"wp","href":"https:\/\/api.w.org\/{rel}","templated":true}]}}