{"id":1194504,"date":"2026-04-27T07:46:10","date_gmt":"2026-04-27T07:46:10","guid":{"rendered":"https:\/\/madeiraisland.news\/?p=1194504"},"modified":"2026-04-27T07:46:58","modified_gmt":"2026-04-27T07:46:58","slug":"feira-do-livro-de-santa-cruz-com-balanco-positivo","status":"publish","type":"post","link":"https:\/\/madeiraisland.news\/?p=1194504","title":{"rendered":"Feira do Livro de Santa Cruz com balan\u00e7o positivo"},"content":{"rendered":"<p>Terminou ontem, na promenade dos Reis Magos, a V Feira do Livro de Santa Cruz. A organiza\u00e7\u00e3o faz um balan\u00e7o positivo, real\u00e7ando que esta foi a feira com maior n\u00famero de p\u00fablico de sempre. O certame, que decorreu sob o t\u00edtulo \u2018A mais bela inven\u00e7\u00e3o do mundo\u2019 teve nos primeiros tr\u00eas dias a presen\u00e7a agendada [\u2026]<\/p>\n","protected":false},"excerpt":{"rendered":"<p>Terminou ontem, na promenade dos Reis Magos, a V Feira do Livro de Santa Cruz. A organiza\u00e7\u00e3o faz um balan\u00e7o &#8230; <\/p>\n<p class=\"read-more-container\"><a title=\"Feira do Livro de Santa Cruz com balan\u00e7o positivo\" class=\"read-more button\" href=\"https:\/\/madeiraisland.news\/?p=1194504#more-1194504\" aria-label=\"Read more about Feira do Livro de Santa Cruz com balan\u00e7o positivo\">Read more<\/a><\/p>\n","protected":false},"author":259,"featured_media":0,"comment_status":"open","ping_status":"","sticky":false,"template":"","format":"standard","meta":{"footnotes":""},"categories":[19],"tags":[],"class_list":["post-1194504","post","type-post","status-publish","format-standard","hentry","category-madeira-island-news","infinite-scroll-item","masonry-post","generate-columns","tablet-grid-50","mobile-grid-100","grid-parent","grid-33"],"_links":{"self":[{"href":"https:\/\/madeiraisland.news\/index.php?rest_route=\/wp\/v2\/posts\/1194504","targetHints":{"allow":["GET"]}}],"collection":[{"href":"https:\/\/madeiraisland.news\/index.php?rest_route=\/wp\/v2\/posts"}],"about":[{"href":"https:\/\/madeiraisland.news\/index.php?rest_route=\/wp\/v2\/types\/post"}],"author":[{"embeddable":true,"href":"https:\/\/madeiraisland.news\/index.php?rest_route=\/wp\/v2\/users\/259"}],"replies":[{"embeddable":true,"href":"https:\/\/madeiraisland.news\/index.php?rest_route=%2Fwp%2Fv2%2Fcomments&post=1194504"}],"version-history":[{"count":1,"href":"https:\/\/madeiraisland.news\/index.php?rest_route=\/wp\/v2\/posts\/1194504\/revisions"}],"predecessor-version":[{"id":1194505,"href":"https:\/\/madeiraisland.news\/index.php?rest_route=\/wp\/v2\/posts\/1194504\/revisions\/1194505"}],"wp:attachment":[{"href":"https:\/\/madeiraisland.news\/index.php?rest_route=%2Fwp%2Fv2%2Fmedia&parent=1194504"}],"wp:term":[{"taxonomy":"category","embeddable":true,"href":"https:\/\/madeiraisland.news\/index.php?rest_route=%2Fwp%2Fv2%2Fcategories&post=1194504"},{"taxonomy":"post_tag","embeddable":true,"href":"https:\/\/madeiraisland.news\/index.php?rest_route=%2Fwp%2Fv2%2Ftags&post=1194504"}],"curies":[{"name":"wp","href":"https:\/\/api.w.org\/{rel}","templated":true}]}}