{"id":1194501,"date":"2026-04-27T07:26:49","date_gmt":"2026-04-27T07:26:49","guid":{"rendered":"https:\/\/madeiraisland.news\/?p=1194501"},"modified":"2026-04-27T07:33:07","modified_gmt":"2026-04-27T07:33:07","slug":"ipma-actualiza-avisos-e-coloca-11-distritos-a-amarelo-para-a-chuva-na-terca-feira","status":"publish","type":"post","link":"https:\/\/madeiraisland.news\/?p=1194501","title":{"rendered":"IPMA actualiza avisos e coloca 11 distritos a amarelo para a chuva na ter\u00e7a-feira"},"content":{"rendered":"<p>O Instituto Portugu\u00eas do Mar e da Atmosfera (IPMA) colocou 11 distritos do continente sob aviso amarelo na ter\u00e7a-feira devido \u00e0 previs\u00e3o de aguaceiros por vezes fortes, podendo ser de granizo, e trovoada, segundo o IPMA.<br \/>\nOs distritos de Vila Real, Viana do Castelo e Braga j\u00e1 tinham aviso amarelo para entre as 12:00 e as 18:00 de hoje e hoje de manh\u00e3 foi estendido para ter\u00e7a-feira, entre as 12:00 e as 21:00.<br \/>\nA estes tr\u00eas distritos juntam-se Bragan\u00e7a, Viseu, \u00c9vora, Guarda, Santar\u00e9m, Castelo Branco<\/p>\n","protected":false},"excerpt":{"rendered":"<p>O Instituto Portugu\u00eas do Mar e da Atmosfera (IPMA) colocou 11 distritos do continente sob aviso amarelo na ter\u00e7a-feira devido \u00e0 previs\u00e3o de aguaceiros por vezes fortes, podendo ser de granizo, e trovoada, segundo o<\/p>\n","protected":false},"author":5,"featured_media":0,"comment_status":"open","ping_status":"","sticky":false,"template":"","format":"standard","meta":{"footnotes":""},"categories":[19],"tags":[],"class_list":["post-1194501","post","type-post","status-publish","format-standard","hentry","category-madeira-island-news","infinite-scroll-item","masonry-post","generate-columns","tablet-grid-50","mobile-grid-100","grid-parent","grid-33"],"_links":{"self":[{"href":"https:\/\/madeiraisland.news\/index.php?rest_route=\/wp\/v2\/posts\/1194501","targetHints":{"allow":["GET"]}}],"collection":[{"href":"https:\/\/madeiraisland.news\/index.php?rest_route=\/wp\/v2\/posts"}],"about":[{"href":"https:\/\/madeiraisland.news\/index.php?rest_route=\/wp\/v2\/types\/post"}],"author":[{"embeddable":true,"href":"https:\/\/madeiraisland.news\/index.php?rest_route=\/wp\/v2\/users\/5"}],"replies":[{"embeddable":true,"href":"https:\/\/madeiraisland.news\/index.php?rest_route=%2Fwp%2Fv2%2Fcomments&post=1194501"}],"version-history":[{"count":2,"href":"https:\/\/madeiraisland.news\/index.php?rest_route=\/wp\/v2\/posts\/1194501\/revisions"}],"predecessor-version":[{"id":1194503,"href":"https:\/\/madeiraisland.news\/index.php?rest_route=\/wp\/v2\/posts\/1194501\/revisions\/1194503"}],"wp:attachment":[{"href":"https:\/\/madeiraisland.news\/index.php?rest_route=%2Fwp%2Fv2%2Fmedia&parent=1194501"}],"wp:term":[{"taxonomy":"category","embeddable":true,"href":"https:\/\/madeiraisland.news\/index.php?rest_route=%2Fwp%2Fv2%2Fcategories&post=1194501"},{"taxonomy":"post_tag","embeddable":true,"href":"https:\/\/madeiraisland.news\/index.php?rest_route=%2Fwp%2Fv2%2Ftags&post=1194501"}],"curies":[{"name":"wp","href":"https:\/\/api.w.org\/{rel}","templated":true}]}}