{"id":1194454,"date":"2026-04-26T11:04:57","date_gmt":"2026-04-26T11:04:57","guid":{"rendered":"https:\/\/madeiraisland.news\/?p=1194454"},"modified":"2026-04-26T11:07:34","modified_gmt":"2026-04-26T11:07:34","slug":"portugal-contribui-para-exercicio-da-nato-no-mediterraneo-entre-segunda-e-quinta-feira","status":"publish","type":"post","link":"https:\/\/madeiraisland.news\/?p=1194454","title":{"rendered":"Portugal contribui para exerc\u00edcio da NATO no Mediterr\u00e2neo entre segunda e quinta-feira"},"content":{"rendered":"<p>A NATO vai realizar entre segunda e quinta-feira um exerc\u00edcio de larga escala no Mar Mediterr\u00e2neo, com contributos tamb\u00e9m de Portugal, liderada pelas for\u00e7as navais de ataque e apoio da Alian\u00e7a com sede em Oeiras.<br \/>\nSegundo um comunicado hoje divulgado, ser\u00e1 a segunda edi\u00e7\u00e3o da principal atividade de vigil\u00e2ncia refor\u00e7ada da NATO (eVA), Neptune Strike 26, entre 27 e 30 de abril, e &#8220;inclui contributos da Alb\u00e2nia, Bulg\u00e1ria, Fran\u00e7a, Gr\u00e9cia, It\u00e1lia, Montenegro, Portugal, Rom\u00e9nia, Turquia e Reino Unido&#8221;.<\/p>\n","protected":false},"excerpt":{"rendered":"<p>A NATO vai realizar entre segunda e quinta-feira um exerc\u00edcio de larga escala no Mar Mediterr\u00e2neo, com contributos tamb\u00e9m de Portugal, liderada pelas for\u00e7as navais de ataque e apoio da Alian\u00e7a com sede em Oeiras.<\/p>\n","protected":false},"author":5,"featured_media":0,"comment_status":"open","ping_status":"","sticky":false,"template":"","format":"standard","meta":{"footnotes":""},"categories":[19],"tags":[],"class_list":["post-1194454","post","type-post","status-publish","format-standard","hentry","category-madeira-island-news","infinite-scroll-item","masonry-post","generate-columns","tablet-grid-50","mobile-grid-100","grid-parent","grid-33"],"_links":{"self":[{"href":"https:\/\/madeiraisland.news\/index.php?rest_route=\/wp\/v2\/posts\/1194454","targetHints":{"allow":["GET"]}}],"collection":[{"href":"https:\/\/madeiraisland.news\/index.php?rest_route=\/wp\/v2\/posts"}],"about":[{"href":"https:\/\/madeiraisland.news\/index.php?rest_route=\/wp\/v2\/types\/post"}],"author":[{"embeddable":true,"href":"https:\/\/madeiraisland.news\/index.php?rest_route=\/wp\/v2\/users\/5"}],"replies":[{"embeddable":true,"href":"https:\/\/madeiraisland.news\/index.php?rest_route=%2Fwp%2Fv2%2Fcomments&post=1194454"}],"version-history":[{"count":2,"href":"https:\/\/madeiraisland.news\/index.php?rest_route=\/wp\/v2\/posts\/1194454\/revisions"}],"predecessor-version":[{"id":1194456,"href":"https:\/\/madeiraisland.news\/index.php?rest_route=\/wp\/v2\/posts\/1194454\/revisions\/1194456"}],"wp:attachment":[{"href":"https:\/\/madeiraisland.news\/index.php?rest_route=%2Fwp%2Fv2%2Fmedia&parent=1194454"}],"wp:term":[{"taxonomy":"category","embeddable":true,"href":"https:\/\/madeiraisland.news\/index.php?rest_route=%2Fwp%2Fv2%2Fcategories&post=1194454"},{"taxonomy":"post_tag","embeddable":true,"href":"https:\/\/madeiraisland.news\/index.php?rest_route=%2Fwp%2Fv2%2Ftags&post=1194454"}],"curies":[{"name":"wp","href":"https:\/\/api.w.org\/{rel}","templated":true}]}}