{"id":1194445,"date":"2026-04-26T09:36:01","date_gmt":"2026-04-26T09:36:01","guid":{"rendered":"https:\/\/madeiraisland.news\/?p=1194445"},"modified":"2026-04-26T10:10:03","modified_gmt":"2026-04-26T10:10:03","slug":"era-um-grande-objectivo-da-epoca-diz-macedo-apos-vitoria-no-miut-starter","status":"publish","type":"post","link":"https:\/\/madeiraisland.news\/?p=1194445","title":{"rendered":"Era um grande objectivo da \u00e9poca\u201d, diz Macedo ap\u00f3s vit\u00f3ria no MIUT Starter"},"content":{"rendered":"<p>Paulo Macedo, atleta da ACD Jardim da Serra, venceu este domingo o MIUT Starter, mostrando-se satisfeito com o desempenho e destacando o trabalho realizado nas \u00faltimas semanas, com o foco j\u00e1 virado para os pr\u00f3ximos objectivos internacionais.<br \/>\nRefer\u00eancia ao link: https:\/\/www.dnoticias.pt\/2026\/4\/26\/489763-paulo-macedo-vence-miut-starter\/<br \/>\nO momento da chegada ficou marcado pelo atleta a cortar a meta com uma sapatilha na m\u00e3o, gesto previamente combinado com o patrocinador da inscri\u00e7\u00e3o. Em declara\u00e7\u00f5e<\/p>\n","protected":false},"excerpt":{"rendered":"<p>Paulo Macedo, atleta da ACD Jardim da Serra, venceu este domingo o MIUT Starter, mostrando-se satisfeito com o desempenho e destacando o trabalho realizado nas \u00faltimas semanas, com o foco j\u00e1 virado para os pr\u00f3ximos<\/p>\n","protected":false},"author":11,"featured_media":0,"comment_status":"open","ping_status":"","sticky":false,"template":"","format":"standard","meta":{"footnotes":""},"categories":[19],"tags":[],"class_list":["post-1194445","post","type-post","status-publish","format-standard","hentry","category-madeira-island-news","infinite-scroll-item","masonry-post","generate-columns","tablet-grid-50","mobile-grid-100","grid-parent","grid-33"],"_links":{"self":[{"href":"https:\/\/madeiraisland.news\/index.php?rest_route=\/wp\/v2\/posts\/1194445","targetHints":{"allow":["GET"]}}],"collection":[{"href":"https:\/\/madeiraisland.news\/index.php?rest_route=\/wp\/v2\/posts"}],"about":[{"href":"https:\/\/madeiraisland.news\/index.php?rest_route=\/wp\/v2\/types\/post"}],"author":[{"embeddable":true,"href":"https:\/\/madeiraisland.news\/index.php?rest_route=\/wp\/v2\/users\/11"}],"replies":[{"embeddable":true,"href":"https:\/\/madeiraisland.news\/index.php?rest_route=%2Fwp%2Fv2%2Fcomments&post=1194445"}],"version-history":[{"count":2,"href":"https:\/\/madeiraisland.news\/index.php?rest_route=\/wp\/v2\/posts\/1194445\/revisions"}],"predecessor-version":[{"id":1194447,"href":"https:\/\/madeiraisland.news\/index.php?rest_route=\/wp\/v2\/posts\/1194445\/revisions\/1194447"}],"wp:attachment":[{"href":"https:\/\/madeiraisland.news\/index.php?rest_route=%2Fwp%2Fv2%2Fmedia&parent=1194445"}],"wp:term":[{"taxonomy":"category","embeddable":true,"href":"https:\/\/madeiraisland.news\/index.php?rest_route=%2Fwp%2Fv2%2Fcategories&post=1194445"},{"taxonomy":"post_tag","embeddable":true,"href":"https:\/\/madeiraisland.news\/index.php?rest_route=%2Fwp%2Fv2%2Ftags&post=1194445"}],"curies":[{"name":"wp","href":"https:\/\/api.w.org\/{rel}","templated":true}]}}